{"id":1113,"date":"2023-07-09T08:35:22","date_gmt":"2023-07-09T07:35:22","guid":{"rendered":"https:\/\/vecinosypropietarios.org\/?p=1113"},"modified":"2023-07-09T11:47:48","modified_gmt":"2023-07-09T10:47:48","slug":"dialogo-restablecido-y-acciones-en-marcha","status":"publish","type":"post","link":"https:\/\/vecinosypropietarios.org\/?p=1113","title":{"rendered":"<strong>DI\u00c1LOGO RESTABLECIDO Y ACCIONES EN MARCHA<\/strong>"},"content":{"rendered":"\n<figure class=\"wp-block-image size-full is-resized\"><img loading=\"lazy\" decoding=\"async\" src=\"https:\/\/vecinosypropietarios.org\/wp-content\/uploads\/2023\/07\/Imagen-de-WhatsApp-2023-07-09-a-las-12.37.48.jpg\" alt=\"\" class=\"wp-image-1139\" width=\"654\" height=\"408\" srcset=\"https:\/\/vecinosypropietarios.org\/wp-content\/uploads\/2023\/07\/Imagen-de-WhatsApp-2023-07-09-a-las-12.37.48.jpg 1024w, https:\/\/vecinosypropietarios.org\/wp-content\/uploads\/2023\/07\/Imagen-de-WhatsApp-2023-07-09-a-las-12.37.48-300x188.jpg 300w, https:\/\/vecinosypropietarios.org\/wp-content\/uploads\/2023\/07\/Imagen-de-WhatsApp-2023-07-09-a-las-12.37.48-768x480.jpg 768w\" sizes=\"auto, (max-width: 654px) 100vw, 654px\" \/><\/figure>\n\n\n\n<p>Buenos d\u00edas estimados socios,<\/p>\n\n\n\n<p>Tenemos la satisfacci\u00f3n de informaros que por fin esta junta de la Asociacion de Vecinos y Propietarios, tras m\u00e1s de tres a\u00f1os, <strong>ha visitado por primera vez&nbsp;el despacho del Alcalde del Municipio<\/strong>.<\/p>\n\n\n\n<p>El di\u00e1logo con la Asociaci\u00f3n de Vecinos es la noticia que debemos celebrar, pues sin \u00e9l se ha hecho&nbsp;casi&nbsp;imposible avanzar en soluciones para nuestros Pueblos en los a\u00f1os anteriores.<\/p>\n\n\n\n<p>Agradecemos a los se\u00f1ores Alcalde y Tte. de Alcalde, Javier y Juan Manuel, su tiempo y disposici\u00f3n, en una reuni\u00f3n amplia, operativa y esperanzadora&nbsp;donde pudimos exponer algunos de los temas que requieren mas pronta acci\u00f3n para&nbsp;que se resuelvan&nbsp;lo antes posible y&nbsp;que aqu\u00ed resumimos:<\/p>\n\n\n\n<p>\u0095&nbsp;<strong><u>Cat\u00e1logo&nbsp;de Bienes<\/u><\/strong>:&nbsp;Expusimos la&nbsp;desinformaci\u00f3n entre&nbsp;la ciudadan\u00eda sobre la situaci\u00f3n de normativa urban\u00edstica que actualmente rige y solicitamos que se haga comunicaci\u00f3n oficial&nbsp;a los vecinos y al mundo&nbsp;de&nbsp;que el CBEP no est\u00e1 en vigor&nbsp;desde hace m\u00e1s de dos a\u00f1os, que s\u00ed est\u00e1 en vigor y aplicable el&nbsp;cat\u00e1logo&nbsp;de bienes de las&nbsp;Normas Subsidiarias de 1996 (publicadas en 2022) que contiene 76 referencias, aunque un buen n\u00famero ya no&nbsp;est\u00e1n, ello a la espera de las sentencias de los procesos judiciales en marcha que podr\u00edan traer otro escenario en un futuro no lejano.<\/p>\n\n\n\n<p>\u0095&nbsp;<strong><u>Cerrar todos los expedientes sancionadores<\/u><\/strong>&nbsp;originados por la aplicaci\u00f3n&nbsp;del CBEP&nbsp;o las NNSS96 no en vigor, y&nbsp;solicitamos que se cierren en un pleno los que as\u00ed lo requiera el protocolo.<\/p>\n\n\n\n<p>\u0095&nbsp;<strong><u>M\u00e1s aparcamientos en casco urbano<\/u><\/strong>: Informamos que se podr\u00eda disponer de&nbsp;m\u00e1s espacios&nbsp;para aparcamiento&nbsp;en solares privados. Nos ofrecimos&nbsp;a facilitar el di\u00e1logo&nbsp;con los propietarios de estos solares.<\/p>\n\n\n\n<p>\u0095&nbsp;<strong><u>Plan general de urbanismo<\/u><\/strong>:&nbsp;Revisamos juntos&nbsp;el cronograma y&nbsp;en qu\u00e9 fase estamos y lo que sigue,&nbsp;recalcando&nbsp;y demostrando&nbsp;que,&nbsp;aunque como necesidad debe iniciarse desde cero el documento, una parte es reutilizable y no se producir\u00e1 retraso, al&nbsp;contrario,&nbsp;se ganar\u00e1&nbsp;tiempo (ya perdidos cuatro a\u00f1os), tambien sirve&nbsp;todo lo&nbsp;ya&nbsp;realizado con Madrid, obteniendo un PGOU y CBEP acordes a la fisonom\u00eda y memoria y tradici\u00f3n urban\u00edstica local.<\/p>\n\n\n\n<p>\u0095&nbsp;<strong><u>Procesos&nbsp;judiciales<\/u><\/strong>:&nbsp;Entregamos informe de&nbsp;situaci\u00f3n de los&nbsp;cinco procesos&nbsp;judiciales&nbsp;urban\u00edsticos:<\/p>\n\n\n\n<p>1.&nbsp;CBEP:&nbsp;Ya sabido que solo&nbsp;27 elementos obligatorios, no 248:&nbsp;Est\u00e1&nbsp;Visto para sentencia.<\/p>\n\n\n\n<p>2.&nbsp;CBEP: Fuera de plazo: A la espera de que el juez anuncie que Visto para sentencia.<\/p>\n\n\n\n<p>3.&nbsp;CBEP: Nulo de pleno derecho: A la espera de que el juez anuncie que Visto para sentencia.<\/p>\n\n\n\n<p>4.&nbsp;NNSS96: Nulas de pleno derecho: Pendiente de que la sala del Tribunal Superior de Justicia anuncie que&nbsp;Visto para sentencia.<\/p>\n\n\n\n<p>5.&nbsp;NNSS96: No en vigor por no publicadas: Pendiente de que la sala del tribunal superior de Justicia anuncie que&nbsp;Visto para sentencia.<\/p>\n\n\n\n<p>Fue un\u00e1nime el deseo de no esperar&nbsp;a las sentencias&nbsp;para ir resolviendo asuntos respecto de este entorno, sin perder m\u00e1s tiempo.<\/p>\n\n\n\n<p class=\"has-black-color has-text-color\">Tambi\u00e9n pudimos exponer c\u00f3mo la obstrucci\u00f3n del anterior gobierno municipal nos llev\u00f3 a los procesos judiciales (reflejado paso a paso en nuestra Web    <a href=\"https:\/\/www.vecinosypropietarios.org\">https:\/\/www.vecinosypropietarios.org<\/a> ).<\/p>\n\n\n\n<p>\u0095&nbsp;<strong><u>COTO y&nbsp;Comisi\u00f3n&nbsp;de&nbsp;Control del Coto (CCCoto):<\/u><\/strong>&nbsp;Recordamos que hay una serie de asuntos, muy retrasados, que&nbsp;deben resolverse por el titular del coto (Ayuntamiento)&nbsp;para poder celebrar la reuni\u00f3n de la&nbsp;CCCoto lo antes posible, que ya acumula bastantes asuntos por resolver.<\/p>\n\n\n\n<p>\u0095&nbsp;<strong><u>Cierre de la Avda.:<\/u><\/strong>&nbsp;Antes de iniciar nuestra exposici\u00f3n, el Alcalde anuncio que este verano se cerrar\u00eda solo los fines de semana&nbsp;y que m\u00e1s&nbsp;adelante&nbsp;har\u00e1n consulta a&nbsp;los vecinos para tomar decisiones y a la vez estudiar todo el entorno de movilidad, a lo que la AVP&nbsp;se ofreci\u00f3 a aportar&nbsp;propuesta de movilidad que&nbsp;elaborar\u00e1 con sus&nbsp;socios&nbsp;y as\u00ed hacerla lo m\u00e1s completa y participativa posible.&nbsp;<\/p>\n\n\n\n<figure class=\"wp-block-pullquote has-medium-font-size\"><blockquote><p><strong>Y lo m\u00e1s importante, ha quedado establecido canal de comunicaci\u00f3n, di\u00e1logo y aportaci\u00f3n que es sumar recursos y conocimientos, algo esencial para que el&nbsp;Municipio&nbsp;se desarrolle y prospere.<\/strong><\/p><\/blockquote><\/figure>\n\n\n\n<p>Comenzamos esta nueva etapa muy ilusionados y esperanzados por este cambio de actitud en el Ayuntamiento, que ayuda a normalizar lo que deber\u00eda ser normal, que los pol\u00edticos y los funcionarios p\u00fablicos est\u00e9n al servicio de todos los ciudadanos.&nbsp;<\/p>\n\n\n\n<p>Saludos cordiales<\/p>\n","protected":false},"excerpt":{"rendered":"<p>Buenos d\u00edas estimados socios, Tenemos la satisfacci\u00f3n de informaros que por fin esta junta de la Asociacion de Vecinos y Propietarios, tras m\u00e1s de tres a\u00f1os, ha visitado por primera vez&nbsp;el despacho del Alcalde&#46;&#46;&#46;<\/p>\n","protected":false},"author":1,"featured_media":1139,"comment_status":"open","ping_status":"closed","sticky":false,"template":"","format":"standard","meta":{"_seopress_robots_primary_cat":"none","_seopress_titles_title":"","_seopress_titles_desc":"","_seopress_robots_index":"","footnotes":""},"categories":[62,7,67,29,73,64,60,68,38,61,27,59],"tags":[],"class_list":["post-1113","post","type-post","status-publish","format-standard","has-post-thumbnail","hentry","category-ayuntamiento","category-cbep","category-comunidad-de-madrid","category-coto-de-caza","category-juzgados","category-municipio","category-normas-urbanisticas","category-participacion","category-pgou","category-pleno","category-saus","category-silencio"],"_links":{"self":[{"href":"https:\/\/vecinosypropietarios.org\/index.php?rest_route=\/wp\/v2\/posts\/1113","targetHints":{"allow":["GET"]}}],"collection":[{"href":"https:\/\/vecinosypropietarios.org\/index.php?rest_route=\/wp\/v2\/posts"}],"about":[{"href":"https:\/\/vecinosypropietarios.org\/index.php?rest_route=\/wp\/v2\/types\/post"}],"author":[{"embeddable":true,"href":"https:\/\/vecinosypropietarios.org\/index.php?rest_route=\/wp\/v2\/users\/1"}],"replies":[{"embeddable":true,"href":"https:\/\/vecinosypropietarios.org\/index.php?rest_route=%2Fwp%2Fv2%2Fcomments&post=1113"}],"version-history":[{"count":19,"href":"https:\/\/vecinosypropietarios.org\/index.php?rest_route=\/wp\/v2\/posts\/1113\/revisions"}],"predecessor-version":[{"id":1141,"href":"https:\/\/vecinosypropietarios.org\/index.php?rest_route=\/wp\/v2\/posts\/1113\/revisions\/1141"}],"wp:featuredmedia":[{"embeddable":true,"href":"https:\/\/vecinosypropietarios.org\/index.php?rest_route=\/wp\/v2\/media\/1139"}],"wp:attachment":[{"href":"https:\/\/vecinosypropietarios.org\/index.php?rest_route=%2Fwp%2Fv2%2Fmedia&parent=1113"}],"wp:term":[{"taxonomy":"category","embeddable":true,"href":"https:\/\/vecinosypropietarios.org\/index.php?rest_route=%2Fwp%2Fv2%2Fcategories&post=1113"},{"taxonomy":"post_tag","embeddable":true,"href":"https:\/\/vecinosypropietarios.org\/index.php?rest_route=%2Fwp%2Fv2%2Ftags&post=1113"}],"curies":[{"name":"wp","href":"https:\/\/api.w.org\/{rel}","templated":true}]}}