{"id":1184,"date":"2023-08-27T12:36:46","date_gmt":"2023-08-27T11:36:46","guid":{"rendered":"https:\/\/vecinosypropietarios.org\/?p=1184"},"modified":"2023-08-28T19:14:03","modified_gmt":"2023-08-28T18:14:03","slug":"el-catalogo-de-bienes-cbep-no-esta-en-vigor","status":"publish","type":"post","link":"https:\/\/vecinosypropietarios.org\/?p=1184","title":{"rendered":"\u00a1EL\u00a0CAT\u00c1LOGO DE BIENES\u00a0CBEP NO EST\u00c1 EN VIGOR!"},"content":{"rendered":"\n<figure class=\"wp-block-image size-full is-resized\"><img loading=\"lazy\" decoding=\"async\" src=\"https:\/\/vecinosypropietarios.org\/wp-content\/uploads\/2023\/03\/Salir-del-tunel-e1677669699122.jpg\" alt=\"\" class=\"wp-image-942\" style=\"width:402px;height:316px\" width=\"402\" height=\"316\"\/><\/figure>\n\n\n\n<p><\/p>\n\n\n\n<p>Buenas tardes estimados socios,<\/p>\n\n\n\n<p class=\"has-medium-font-size\" style=\"font-style:normal;font-weight:400\">Buenas noticias tras el par\u00f3n veraniego. <strong>\u00a1El&nbsp;Cat\u00e1logo de bienes CBEP no est\u00e1 en vigor, no es aplicable!<\/strong><\/p>\n\n\n\n<blockquote class=\"wp-block-quote is-layout-flow wp-block-quote-is-layout-flow\">\n<p>Lo que significa que a d\u00eda de hoy los \u00fanicos inmuebles catalogados son los que figuran en las NNSS96, en el caso de los pajares <strong>solo 3 en Lozoyuela y 2 en Las Navas.<\/strong><\/p>\n<\/blockquote>\n\n\n\n<p>Y, \u00a1por fin! ha tenido que ser el nuevo alcalde, el Sr. Auni\u00f3n, quien ha hecho p\u00fablica la aclaraci\u00f3n sobre la situaci\u00f3n legal vigente en torno al pol\u00e9mico cat\u00e1logo CBEP de 2019, que tanto perjuicio ha causado al Municipio, a pesar que desde la AVP ya lo denunciamos y demostramos desde el mismo d\u00eda de nuestra fundaci\u00f3n a principios de 2020.<\/p>\n\n\n\n<p><strong>Y \u00bfahora qu\u00e9?<\/strong><\/p>\n\n\n\n<p>Ahora queda claro que los propietarios de nuestro Municipio <strong>pod\u00edan hace tres a\u00f1os y pueden ahora<\/strong>, actuar sobre sus propiedades. En el caso de los pajares, excepto los cinco catalogados con sus condicionantes, podr\u00e1n hacer cualquier actuaci\u00f3n que permitan las NNSS96.<\/p>\n\n\n\n<p>Pueden consultar su caso, de forma privada, en nuestros canales de  consultas <mark style=\"background-color:rgba(0, 0, 0, 0)\" class=\"has-inline-color has-vivid-cyan-blue-color\"><strong>&nbsp;<a href=\"mailto:info@vecinosypropietarios.org\">info@vecinosypropietarios.org<\/a><\/strong>&nbsp;<\/mark>o por Whatsapp InfoAVP en el&nbsp;<strong>644916566<\/strong>&nbsp;(Instrucciones en<strong>&nbsp;<\/strong><mark style=\"background-color:rgba(0, 0, 0, 0)\" class=\"has-inline-color has-vivid-cyan-blue-color\"><strong><a href=\"https:\/\/vecinosypropietarios.org\/?p=1164\">https:\/\/vecinosypropietarios.org\/?p=1164<\/a><\/strong>&nbsp;<\/mark>).<\/p>\n\n\n\n<p><\/p>\n\n\n\n<p>Adjuntamos extracto y enlace de la entrevista&nbsp;al Alcalde de nuestro Municipio&nbsp;en Senda Norte&nbsp;que confirma lo dicho por AVP desde 2019:<\/p>\n\n\n\n<p class=\"has-vivid-cyan-blue-color has-text-color has-medium-font-size\"><em>\u201cSN: El Cat\u00e1logo de Bienes Inmuebles es un problema que tiene paralizado el pueblo.<\/em><\/p>\n\n\n\n<p class=\"has-vivid-cyan-blue-color has-text-color has-medium-font-size\"><em>JA:&nbsp; Lo cierto es que este asunto se podr\u00eda haber gestionado mucho mejor en el pasado. Existe un l\u00edo considerable sobre el que hay que hacer alguna puntualizaci\u00f3n.&nbsp;<\/em><\/p>\n\n\n\n<p class=\"has-vivid-cyan-blue-color has-text-color has-medium-font-size\"><em>Lo primero que hay que aclarar es que el famoso Cat\u00e1logo que cuya tramitaci\u00f3n se inici\u00f3 en la pasada legislatura&nbsp;<strong>no est\u00e1 en vigor<\/strong>&nbsp;y&nbsp;<strong>que no ser\u00e1 el Cat\u00e1logo que incluir\u00e1 el futuro Plan General de Ordenaci\u00f3n Urbana<\/strong>.&nbsp;<\/em><\/p>\n\n\n\n<p class=\"has-vivid-cyan-blue-color has-text-color has-medium-font-size\"><em>El fallo estuvo en trasladar un inventario de much\u00edsimos bienes que hab\u00eda de todo el municipio e incorporarlo al cat\u00e1logo, sin comprobar su estado y&nbsp;<strong>con una protecci\u00f3n total que no permitir\u00eda hacer pr\u00e1cticamente nada con ellos.&nbsp;<\/strong><\/em><\/p>\n\n\n\n<p class=\"has-vivid-cyan-blue-color has-text-color has-medium-font-size\"><em>Mi compromiso est\u00e1 en buscar un equilibrio entre la protecci\u00f3n del patrimonio y el derecho de los vecinos sobre sus propiedades. Creo que lo conseguiremos.\u201d<\/em><\/p>\n\n\n\n<p class=\"has-vivid-cyan-blue-color has-text-color\"><\/p>\n\n\n\n<figure class=\"wp-block-embed is-type-wp-embed is-provider-senda-norte wp-block-embed-senda-norte\"><div class=\"wp-block-embed__wrapper\">\n<blockquote class=\"wp-embedded-content\" data-secret=\"eCxyrjCh3j\"><a href=\"https:\/\/www.sendanorte.es\/2023\/08\/17\/entrevista-a-javier-aunion-alcalde-de-lozoyuela-navas-sieteiglesias\/\">Entrevista a Javier Auni\u00f3n, Alcalde de Lozoyuela-Navas-Sieteiglesias.<\/a><\/blockquote><iframe loading=\"lazy\" class=\"wp-embedded-content\" sandbox=\"allow-scripts\" security=\"restricted\" style=\"position: absolute; visibility: hidden;\" title=\"\u00abEntrevista a Javier Auni\u00f3n, Alcalde de Lozoyuela-Navas-Sieteiglesias.\u00bb \u2014 Senda Norte\" src=\"https:\/\/www.sendanorte.es\/2023\/08\/17\/entrevista-a-javier-aunion-alcalde-de-lozoyuela-navas-sieteiglesias\/embed\/#?secret=yzZTAPjIG5#?secret=eCxyrjCh3j\" data-secret=\"eCxyrjCh3j\" width=\"500\" height=\"282\" frameborder=\"0\" marginwidth=\"0\" marginheight=\"0\" scrolling=\"no\"><\/iframe>\n<\/div><\/figure>\n\n\n\n<p>Animamos a los propietarios del Municipio a que desempolven sus proyectos y podamos hacer que los pajares cobren vida convirti\u00e9ndolos en viviendas, de la que estamos en d\u00e9ficit clamoroso, lo que impide que tanto los j\u00f3venes que quieren asentarse, como los jubilados que regresan de la capital, puedan disfrutar de nuestros pueblos.<\/p>\n\n\n\n<p>Saludos cordiales<\/p>\n","protected":false},"excerpt":{"rendered":"<p>Buenas tardes estimados socios, Buenas noticias tras el par\u00f3n veraniego. \u00a1El&nbsp;Cat\u00e1logo de bienes CBEP no est\u00e1 en vigor, no es aplicable! Lo que significa que a d\u00eda de hoy los \u00fanicos inmuebles catalogados son&#46;&#46;&#46;<\/p>\n","protected":false},"author":1,"featured_media":942,"comment_status":"open","ping_status":"closed","sticky":false,"template":"","format":"standard","meta":{"_seopress_robots_primary_cat":"none","_seopress_titles_title":"","_seopress_titles_desc":"","_seopress_robots_index":"","footnotes":""},"categories":[7,60,38],"tags":[],"class_list":["post-1184","post","type-post","status-publish","format-standard","has-post-thumbnail","hentry","category-cbep","category-normas-urbanisticas","category-pgou"],"_links":{"self":[{"href":"https:\/\/vecinosypropietarios.org\/index.php?rest_route=\/wp\/v2\/posts\/1184","targetHints":{"allow":["GET"]}}],"collection":[{"href":"https:\/\/vecinosypropietarios.org\/index.php?rest_route=\/wp\/v2\/posts"}],"about":[{"href":"https:\/\/vecinosypropietarios.org\/index.php?rest_route=\/wp\/v2\/types\/post"}],"author":[{"embeddable":true,"href":"https:\/\/vecinosypropietarios.org\/index.php?rest_route=\/wp\/v2\/users\/1"}],"replies":[{"embeddable":true,"href":"https:\/\/vecinosypropietarios.org\/index.php?rest_route=%2Fwp%2Fv2%2Fcomments&post=1184"}],"version-history":[{"count":15,"href":"https:\/\/vecinosypropietarios.org\/index.php?rest_route=\/wp\/v2\/posts\/1184\/revisions"}],"predecessor-version":[{"id":1209,"href":"https:\/\/vecinosypropietarios.org\/index.php?rest_route=\/wp\/v2\/posts\/1184\/revisions\/1209"}],"wp:featuredmedia":[{"embeddable":true,"href":"https:\/\/vecinosypropietarios.org\/index.php?rest_route=\/wp\/v2\/media\/942"}],"wp:attachment":[{"href":"https:\/\/vecinosypropietarios.org\/index.php?rest_route=%2Fwp%2Fv2%2Fmedia&parent=1184"}],"wp:term":[{"taxonomy":"category","embeddable":true,"href":"https:\/\/vecinosypropietarios.org\/index.php?rest_route=%2Fwp%2Fv2%2Fcategories&post=1184"},{"taxonomy":"post_tag","embeddable":true,"href":"https:\/\/vecinosypropietarios.org\/index.php?rest_route=%2Fwp%2Fv2%2Ftags&post=1184"}],"curies":[{"name":"wp","href":"https:\/\/api.w.org\/{rel}","templated":true}]}}