{"id":1217,"date":"2023-10-09T11:24:12","date_gmt":"2023-10-09T10:24:12","guid":{"rendered":"https:\/\/vecinosypropietarios.org\/?p=1217"},"modified":"2023-10-09T16:27:12","modified_gmt":"2023-10-09T15:27:12","slug":"celebracion-presencial-de-la-asamblea-anual-ordinaria-de-socios","status":"publish","type":"post","link":"https:\/\/vecinosypropietarios.org\/?p=1217","title":{"rendered":"CELEBRACI\u00d3N PRESENCIAL DE LA ASAMBLEA ANUAL ORDINARIA DE SOCIOS"},"content":{"rendered":"\n<figure class=\"wp-block-image size-full is-resized\"><img loading=\"lazy\" decoding=\"async\" src=\"https:\/\/vecinosypropietarios.org\/wp-content\/uploads\/2023\/10\/AVP-logo-red.png\" alt=\"\" class=\"wp-image-1239\" style=\"width:484px;height:548px\" width=\"484\" height=\"548\"\/><\/figure>\n\n\n\n<p>Buenas tardes estimados socios,<\/p>\n\n\n\n<p>&nbsp; A las 18 h del viernes 6 de octubre de 2023, celebramos la Asamblea anual ordinaria de la Asociaci\u00f3n en el sal\u00f3n principal del Centro de Cultura de Lozoyuela:<\/p>\n\n\n\n<div class=\"wp-block-group\"><div class=\"wp-block-group__inner-container is-layout-constrained wp-block-group-is-layout-constrained\">\n<blockquote class=\"wp-block-quote is-layout-flow wp-block-quote-is-layout-flow\">\n<ol class=\"wp-block-list\" type=\"1\">\n<li>Asamblea general de socios. ORDEN DEL D\u00cdA<\/li>\n<\/ol>\n\n\n\n<p class=\"has-text-align-center\">. Logros<\/p>\n\n\n\n<p class=\"has-text-align-center\">. Asociaci\u00f3n, participaci\u00f3n y uni\u00f3n<\/p>\n\n\n\n<p class=\"has-text-align-center\">. Socios y cuentas<\/p>\n\n\n\n<p class=\"has-text-align-center\">. Situaci\u00f3n urban\u00edstica, normativa y estado legal. D. Alfredo Carda<\/p>\n\n\n\n<p class=\"has-text-align-center\">. Ruegos y preguntas.<\/p>\n\n\n\n<p class=\"has-text-align-center\">. Agradecimientos.<\/p>\n\n\n\n<p class=\"has-text-align-center\">. Elecci\u00f3n nueva junta<\/p>\n\n\n\n<p>2 . Reuni\u00f3n de la nueva junta directiva. CONFIGURACI\u00d3N DE LA NUEVA JUNTA<\/p>\n<\/blockquote>\n<\/div><\/div>\n\n\n\n<figure class=\"wp-block-image size-large is-resized\"><img loading=\"lazy\" decoding=\"async\" src=\"https:\/\/vecinosypropietarios.org\/wp-content\/uploads\/2021\/03\/4-edited-1024x576.jpg\" alt=\"\" class=\"wp-image-122\" style=\"width:300px;height:169px\" width=\"300\" height=\"169\" srcset=\"https:\/\/vecinosypropietarios.org\/wp-content\/uploads\/2021\/03\/4-edited-1024x576.jpg 1024w, https:\/\/vecinosypropietarios.org\/wp-content\/uploads\/2021\/03\/4-edited-300x169.jpg 300w, https:\/\/vecinosypropietarios.org\/wp-content\/uploads\/2021\/03\/4-edited-768x432.jpg 768w, https:\/\/vecinosypropietarios.org\/wp-content\/uploads\/2021\/03\/4-edited-1536x864.jpg 1536w, https:\/\/vecinosypropietarios.org\/wp-content\/uploads\/2021\/03\/4-edited.jpg 1600w\" sizes=\"auto, (max-width: 300px) 100vw, 300px\" \/><\/figure>\n\n\n\n<p>&nbsp;  Siguiendo el orden del d\u00eda la Presidenta D\u00aa Gema Serrano hizo un repaso de los LOGROS de la Asociaci\u00f3n hasta la fecha, entre los que destacan:<\/p>\n\n\n\n<ul class=\"wp-block-list\">\n<li>CBEP y NNSS96 en juzgados<\/li>\n\n\n\n<li>PGOU sugerencias al avance<\/li>\n\n\n\n<li>M913 evita expropiaci\u00f3n sin garant\u00edas de un mal proyecto rechazado por la CM<\/li>\n\n\n\n<li>Coto. Respeto a condiciones pactadas<\/li>\n\n\n\n<li>Defensa de socios. Asesoramiento y mediaci\u00f3n en conflictos<\/li>\n\n\n\n<li>Conseguida viabilidad en proyectos de los vecinos<\/li>\n<\/ul>\n\n\n\n<p>&nbsp;&nbsp;&nbsp;&nbsp;&nbsp;&nbsp;&nbsp;&nbsp;&nbsp;&nbsp;&nbsp; Bajo el ep\u00edgrafe \u201cVerdades y Mentiras\u201d resalt\u00f3 dos asuntos esenciales:<\/p>\n\n\n\n<ul class=\"wp-block-list\">\n<li>CBEP no est\u00e1 en vigor<\/li>\n\n\n\n<li>NNSS96 no en vigor hasta publicaci\u00f3n en 2022<\/li>\n<\/ul>\n\n\n\n<p>&nbsp;&nbsp;&nbsp;&nbsp;&nbsp;&nbsp;&nbsp;&nbsp;&nbsp;&nbsp;&nbsp; En el apartado de \u201cParticipaci\u00f3n Ciudadana\u201d expuso las leyes y normas que otorgan derechos especiales de representaci\u00f3n, participaci\u00f3n activa y reivindicaci\u00f3n a las Asociaciones, en especial a las de Vecinos y a las Comisiones Urban\u00edsticas Ciudadanas, dando paso a \u2026<\/p>\n\n\n\n<figure class=\"wp-block-image size-full is-resized\"><img loading=\"lazy\" decoding=\"async\" src=\"https:\/\/vecinosypropietarios.org\/wp-content\/uploads\/2021\/03\/1-1.jpg\" alt=\"\" class=\"wp-image-81\" style=\"width:284px;height:213px\" width=\"284\" height=\"213\" srcset=\"https:\/\/vecinosypropietarios.org\/wp-content\/uploads\/2021\/03\/1-1.jpg 1024w, https:\/\/vecinosypropietarios.org\/wp-content\/uploads\/2021\/03\/1-1-300x225.jpg 300w, https:\/\/vecinosypropietarios.org\/wp-content\/uploads\/2021\/03\/1-1-768x576.jpg 768w\" sizes=\"auto, (max-width: 284px) 100vw, 284px\" \/><\/figure>\n\n\n\n<p>&nbsp; D. Ricardo P\u00e9rez Ejarque Vicepresidente y Tesorero de la Asociaci\u00f3n, present\u00f3 el n\u00famero de socios, y su evoluci\u00f3n ascendente, actualmente 243, m\u00e1s los 3 nuevos en la previa a la asamblea. Expuso las cuentas y el disponible.<\/p>\n\n\n\n<figure class=\"wp-block-image size-large is-resized\"><img loading=\"lazy\" decoding=\"async\" src=\"https:\/\/vecinosypropietarios.org\/wp-content\/uploads\/2021\/03\/7-1024x654.jpg\" alt=\"\" class=\"wp-image-91\" style=\"width:305px;height:195px\" width=\"305\" height=\"195\" srcset=\"https:\/\/vecinosypropietarios.org\/wp-content\/uploads\/2021\/03\/7-1024x654.jpg 1024w, https:\/\/vecinosypropietarios.org\/wp-content\/uploads\/2021\/03\/7-300x192.jpg 300w, https:\/\/vecinosypropietarios.org\/wp-content\/uploads\/2021\/03\/7-768x491.jpg 768w, https:\/\/vecinosypropietarios.org\/wp-content\/uploads\/2021\/03\/7-1536x981.jpg 1536w, https:\/\/vecinosypropietarios.org\/wp-content\/uploads\/2021\/03\/7.jpg 1600w\" sizes=\"auto, (max-width: 305px) 100vw, 305px\" \/><\/figure>\n\n\n\n<p>&nbsp; D. Carlos P\u00e9rez Gonz\u00e1lez, miembro de la comisi\u00f3n Urban\u00edstica Ciudadana, present\u00f3 la \u201cSituaci\u00f3n URBAN\u00cdSTICA, NORMATIVA Y LEGAL\u201d actual y el proceso que nos ha tra\u00eddo a la actual situaci\u00f3n con el siguiente contenido:<\/p>\n\n\n\n<blockquote class=\"wp-block-quote is-layout-flow wp-block-quote-is-layout-flow\">\n<p>1.&nbsp; HISTORIA DE LA NORMATIVA EN NUESTRO MUNICIPIO<\/p>\n\n\n\n<p>2.&nbsp; SITUACI\u00d3N A DIA DE HOY<\/p>\n\n\n\n<p>3.&nbsp; COMO RECUPERAR BIFAMILIAR Y OTROS<\/p>\n\n\n\n<p>4.&nbsp; FALLOS ESTRAT\u00c9GICOS EN EL AYUNTAMIENTO (Causas de deterioro)<\/p>\n\n\n\n<p>5.&nbsp; QUE PODEMOS HACER AHORA<\/p>\n<\/blockquote>\n\n\n\n<p>&nbsp; Expuso las tres normativas urban\u00edsticas que ha tenido nuestro Municipio, las de 1976, las de 1990 que no llegaron a entrar en vigor y las de 1996 que no lo hicieron hasta diciembre de 2022, tambi\u00e9n su impacto en el desarrollo local y causa de las m\u00e1s de setenta ruinas existentes en el Municipio. Se mostraron los fallos estrat\u00e9gicos de gobiernos municipales precedentes causantes de la situaci\u00f3n, evitable si no hubiesen ocurrido estos estrat\u00e9gicos fallos.<\/p>\n\n\n\n<p>&nbsp;&nbsp;&nbsp;&nbsp;&nbsp;&nbsp;&nbsp;&nbsp;&nbsp;&nbsp;&nbsp; Se expuso la situaci\u00f3n actual de los 5 procesos judiciales en marcha y aclar\u00f3 la &nbsp;situaci\u00f3n normativa actual, que se reduce a que solo est\u00e1n en vigor las Normas Subsidiarias de 1996 (NNSS96) desde diciembre de 2022 y su cat\u00e1logo de bienes incluido, otras no son aplicables, explicando cu\u00e1l es el proceder y qu\u00e9 podemos hacer en nuestras propiedades o en su caso ruinas y c\u00f3mo presentar nuestras peticiones al Ayuntamiento, con la disponibilidad de asesor\u00eda previa en la Asociaci\u00f3n para ir preparados y lograr la realizaci\u00f3n del proyecto o en su caso, si no se logra y no estamos de acuerdo, la defensa administrativa primero y legal despu\u00e9s si es necesario.<\/p>\n\n\n\n<p>&nbsp;&nbsp;&nbsp;&nbsp;&nbsp;&nbsp;&nbsp;&nbsp;&nbsp;&nbsp;&nbsp; &nbsp;A continuaci\u00f3n, se present\u00f3 al principal asesor urban\u00edstico y legal de la Asociaci\u00f3n, D. Alfredo Carda Abella que cont\u00f3 c\u00f3mo se inici\u00f3 su relaci\u00f3n con este Municipio, antes de conocer a la Asociaci\u00f3n. Una vez puestos en antecedentes su especialidad y perfil y c\u00f3mo lleg\u00f3 a ser un convencido el proyecto, resalt\u00f3 su firme compromiso hasta su resoluci\u00f3n.<\/p>\n\n\n\n<p>&nbsp;&nbsp;&nbsp;&nbsp;&nbsp;&nbsp;&nbsp;&nbsp;&nbsp;&nbsp;&nbsp; Despu\u00e9s, se dio paso al turno de ruegos y preguntas de los asistentes, que, al ser asunto del mayor inter\u00e9s, dio pie a multitud de cuestiones varias, todas ellas contestadas por el Sr. Carda, la Sra. Presidenta, Sr. Vicepresidente o Sr. Carlos P\u00e9rez, expresando los asistentes al Sr. Carda su agradecimiento a la ayuda que nos ha aportado. Dado el inter\u00e9s, el tiempo empleado en este punto se dilat\u00f3 m\u00e1s all\u00e1 de lo previsto.<\/p>\n\n\n\n<p>Fueron destacables las siguientes preguntas y respuestas:<\/p>\n\n\n\n<ul class=\"wp-block-list\">\n<li>\u201cAhora que sabemos que nos han negado acciones y proyectos que s\u00ed podr\u00edan hacerse, \u00bfc\u00f3mo tenemos que actuar?\u201d\n<ul class=\"wp-block-list\">\n<li>\u201cSi nos sentimos perjudicados y si el tema ha sido no m\u00e1s all\u00e1 de dos a\u00f1os, debemos consultar con la Asociaci\u00f3n y estudiar si es viable una actuaci\u00f3n de reclamaci\u00f3n de da\u00f1o patrimonial.\u201d<\/li>\n<\/ul>\n<\/li>\n\n\n\n<li>\u201cPero esto tiene responsables, el principal el Arquitecto, \u00bfQu\u00e9 responsabilidad y consecuencias de su err\u00f3nea y continuada acci\u00f3n se le puede exigir y c\u00f3mo?\u201d\n<ul class=\"wp-block-list\">\n<li>\u201cLa consecuci\u00f3n de diferentes contenciosos o demandas, deber\u00e1 hacer que, en consecuencia, se tomen medidas, con alguien que adem\u00e1s no es funcionario.\u201d<\/li>\n<\/ul>\n<\/li>\n\n\n\n<li>\u201cAdem\u00e1s de los procesos judiciales que est\u00e1n sacando a la luz la situaci\u00f3n, \u00bfpodemos a la vez tomar otras acciones en lo local para ver si se puede resolver a trav\u00e9s de negociaciones?\u201d\n<ul class=\"wp-block-list\">\n<li>\u201cLos procesos judiciales en marcha vinculan a ambas partes y deben de concluir, lo que determinar\u00e1 el camino a seguir, lo que no quita que, ahora, dispongamos de una situaci\u00f3n de dialogo y disponibilidad inexistentes con la anterior, lo que propicia que se pueda recuperar tiempo y actuar para que se note el efecto positivo de la inexistencia del CBEP en la aprobaci\u00f3n de proyectos en pajares y ruinas y que haya una preparaci\u00f3n de acciones operativas y con efecto positivo real a los propietarios tras las sentencias de las NNSS96.\u201d<\/li>\n<\/ul>\n<\/li>\n<\/ul>\n\n\n\n<p>&nbsp;&nbsp;&nbsp;&nbsp; La dedicaci\u00f3n altruista de quienes, desde la Asociaci\u00f3n ayudan a sus vecinos a salir de problemas en el Ayuntamiento y aclarar y asesorar sobre sus propiedades, y el logro de haber descubierto tal situaci\u00f3n y estar poni\u00e9ndole remedio con tes\u00f3n y valent\u00eda fue agradecido por una socia asistente que provoc\u00f3 un aplauso general de los asistentes.<\/p>\n\n\n\n<p>&nbsp;&nbsp;&nbsp;&nbsp;&nbsp;&nbsp;&nbsp;&nbsp;&nbsp;&nbsp;&nbsp;&nbsp;&nbsp;&nbsp;&nbsp;&nbsp;&nbsp; La presidenta de la Asociaci\u00f3n y moderadora de la Asamblea tom\u00f3 la palabra para expresar el agradecimiento a cuantos han ayudado a que hayamos conseguido los logros ya referidos y estar en el camino de la soluci\u00f3n cercana, exponiendo una transparencia con la larga lista de colaboradores: Abogados, ingenieros de caminos, soci\u00f3logos, peritos judiciales, ingenieros, economistas, doctores, urbanistas, arquitectos, procuradores, auditores de cuentas, ganaderos, estad\u00edsticos, comerciantes, gerentes, jubilados, transportistas, funcionarios, inform\u00e1ticos, \u2026.<\/p>\n\n\n\n<p>&nbsp;&nbsp;&nbsp;&nbsp;&nbsp;&nbsp;&nbsp;&nbsp;&nbsp;&nbsp;&nbsp;&nbsp;&nbsp;&nbsp;&nbsp;&nbsp;&nbsp; Finalmente se dio paso a presentar la \u00fanica candidatura que postul\u00f3 a nueva junta de gobierno de la Asociaci\u00f3n. En orden alfab\u00e9tico, se hizo referencia a los perfiles profesionales, la relaci\u00f3n con el Municipio y las posibles aportaciones de cada uno de los once candidatos.<\/p>\n\n\n\n<p>&nbsp;&nbsp;&nbsp;&nbsp;&nbsp;&nbsp;&nbsp;&nbsp;&nbsp;&nbsp;&nbsp;&nbsp;&nbsp;&nbsp;&nbsp;&nbsp;&nbsp;&nbsp;&nbsp;&nbsp;&nbsp;&nbsp; A continuaci\u00f3n, se pidi\u00f3 el voto para que constasen en acta, siendo aprobada por unanimidad la \u00fanica candidatura presentada que pasa a ser la nueva Junta directiva de la Asociaci\u00f3n de Vecinos y Propietarios de Lozoyuela-Navas-Sieteiglesias.<\/p>\n\n\n\n<p>\u00a0\u00a0\u00a0\u00a0\u00a0\u00a0\u00a0\u00a0\u00a0\u00a0\u00a0\u00a0\u00a0\u00a0\u00a0\u00a0\u00a0 Y sin m\u00e1s asuntos que tratar se da por concluida la Asamblea de socios a las 20,15 horas del d\u00eda 6 de octubre de 2023, despidiendo a los asistentes agradeci\u00e9ndoles su asistencia y colaboraci\u00f3n y dando paso a continuaci\u00f3n a la primera reuni\u00f3n de la nueva junta de la asociaci\u00f3n.<\/p>\n\n\n\n<p><\/p>\n\n\n\n<p>   Pulse en el siguiente enlace para consultar el acta de la Asamblea <\/p>\n\n\n\n<p><mark style=\"background-color:rgba(0, 0, 0, 0)\" class=\"has-inline-color has-pale-cyan-blue-color\"><a href=\"https:\/\/www.vecinosypropietarios.org\/AVP%20ACTA%20Asamblea%202023%206%20de%20octubre%20v2%201.2-1.pdf\">https:\/\/www.vecinosypropietarios.org\/AVP%20ACTA%20Asamblea%202023%206%20de%20octubre%20v2%201.2-1.pdf<\/a> <\/mark><\/p>\n\n\n\n<p><\/p>\n\n\n\n<p><strong>REUNI\u00d3N ORDINARIA DE LA NUEVA JUNTA DIRECTIVA DE LA ASOCIACI\u00d3N<\/strong><\/p>\n\n\n\n<p>&nbsp; Que en su primer acto procedi\u00f3 a la votaci\u00f3n de cargos, quedando constituida la Junta Directiva de la siguiente forma:<\/p>\n\n\n\n<ul class=\"wp-block-list\">\n<li>Presidente: &nbsp;&nbsp;&nbsp;&nbsp;&nbsp;&nbsp;&nbsp;&nbsp;&nbsp;&nbsp;&nbsp;&nbsp;&nbsp;&nbsp;&nbsp; Pedro Manuel Moreno Sanz<\/li>\n\n\n\n<li>Vicepresidenta: \u00a0\u00a0\u00a0\u00a0\u00a0\u00a0\u00a0\u00a0Gema Serrano Hern\u00e1nz<\/li>\n\n\n\n<li>Secretario: &nbsp;&nbsp;&nbsp;&nbsp;&nbsp;&nbsp;&nbsp;&nbsp;&nbsp;&nbsp;&nbsp;&nbsp;&nbsp;&nbsp;&nbsp;&nbsp; Carlos P\u00e9rez Gonz\u00e1lez<\/li>\n\n\n\n<li>Tesorero: &nbsp;&nbsp;&nbsp;&nbsp;&nbsp;&nbsp;&nbsp;&nbsp;&nbsp;&nbsp;&nbsp;&nbsp;&nbsp;&nbsp;&nbsp;&nbsp;&nbsp;&nbsp; Ricardo P\u00e9rez Ejarque<\/li>\n\n\n\n<li>Vocales : &nbsp;&nbsp;&nbsp;&nbsp;&nbsp;&nbsp;&nbsp;&nbsp;&nbsp;&nbsp;&nbsp;&nbsp;&nbsp;&nbsp;&nbsp;&nbsp;&nbsp;&nbsp; Jorge Bravo Fern\u00e1ndez, Manuel Gala Fern\u00e1ndez, H\u00e9ctor Gasc\u00f3n Rey, Isabel Gonz\u00e1lez Mart\u00edn, Jos\u00e9 Hern\u00e1nz Sanz, Marco Antonio Moreno del Fresno, Vicente Ram\u00edrez Benito.<\/li>\n<\/ul>\n\n\n\n<p>&nbsp; &nbsp;&nbsp;&nbsp;A continuaci\u00f3n, el nuevo Presidente dio paso al Secretario que procedi\u00f3 a informar de los asuntos en marcha y de su situaci\u00f3n y una vez consumido el tiempo dado para disponer del sal\u00f3n donde nos encontr\u00e1bamos, se cerr\u00f3 la primera reuni\u00f3n de la Junta de la Asociaci\u00f3n de Vecinos y Propietarios.<\/p>\n\n\n\n<p>Saludos cordiales<\/p>\n","protected":false},"excerpt":{"rendered":"<p>Buenas tardes estimados socios, &nbsp; A las 18 h del viernes 6 de octubre de 2023, celebramos la Asamblea anual ordinaria de la Asociaci\u00f3n en el sal\u00f3n principal del Centro de Cultura de Lozoyuela:&#46;&#46;&#46;<\/p>\n","protected":false},"author":1,"featured_media":1239,"comment_status":"open","ping_status":"closed","sticky":false,"template":"","format":"standard","meta":{"_seopress_robots_primary_cat":"68","_seopress_titles_title":"","_seopress_titles_desc":"","_seopress_robots_index":"","footnotes":""},"categories":[64,60,68],"tags":[76],"class_list":["post-1217","post","type-post","status-publish","format-standard","has-post-thumbnail","hentry","category-municipio","category-normas-urbanisticas","category-participacion","tag-asamblea"],"_links":{"self":[{"href":"https:\/\/vecinosypropietarios.org\/index.php?rest_route=\/wp\/v2\/posts\/1217","targetHints":{"allow":["GET"]}}],"collection":[{"href":"https:\/\/vecinosypropietarios.org\/index.php?rest_route=\/wp\/v2\/posts"}],"about":[{"href":"https:\/\/vecinosypropietarios.org\/index.php?rest_route=\/wp\/v2\/types\/post"}],"author":[{"embeddable":true,"href":"https:\/\/vecinosypropietarios.org\/index.php?rest_route=\/wp\/v2\/users\/1"}],"replies":[{"embeddable":true,"href":"https:\/\/vecinosypropietarios.org\/index.php?rest_route=%2Fwp%2Fv2%2Fcomments&post=1217"}],"version-history":[{"count":21,"href":"https:\/\/vecinosypropietarios.org\/index.php?rest_route=\/wp\/v2\/posts\/1217\/revisions"}],"predecessor-version":[{"id":1255,"href":"https:\/\/vecinosypropietarios.org\/index.php?rest_route=\/wp\/v2\/posts\/1217\/revisions\/1255"}],"wp:featuredmedia":[{"embeddable":true,"href":"https:\/\/vecinosypropietarios.org\/index.php?rest_route=\/wp\/v2\/media\/1239"}],"wp:attachment":[{"href":"https:\/\/vecinosypropietarios.org\/index.php?rest_route=%2Fwp%2Fv2%2Fmedia&parent=1217"}],"wp:term":[{"taxonomy":"category","embeddable":true,"href":"https:\/\/vecinosypropietarios.org\/index.php?rest_route=%2Fwp%2Fv2%2Fcategories&post=1217"},{"taxonomy":"post_tag","embeddable":true,"href":"https:\/\/vecinosypropietarios.org\/index.php?rest_route=%2Fwp%2Fv2%2Ftags&post=1217"}],"curies":[{"name":"wp","href":"https:\/\/api.w.org\/{rel}","templated":true}]}}