{"id":1290,"date":"2023-11-25T09:58:41","date_gmt":"2023-11-25T08:58:41","guid":{"rendered":"https:\/\/vecinosypropietarios.org\/?p=1290"},"modified":"2023-11-29T12:58:45","modified_gmt":"2023-11-29T11:58:45","slug":"la-vereda-se-acaba-el-b-mentiroso-sigue","status":"publish","type":"post","link":"https:\/\/vecinosypropietarios.org\/?p=1290","title":{"rendered":"LA VEREDA SE ACABA EL B\u2026 MENTIROSO SIGUE"},"content":{"rendered":"\n<figure class=\"wp-block-image size-full\"><img loading=\"lazy\" decoding=\"async\" width=\"1000\" height=\"667\" src=\"https:\/\/vecinosypropietarios.org\/wp-content\/uploads\/2023\/11\/file.jpg\" alt=\"\" class=\"wp-image-1295\" srcset=\"https:\/\/vecinosypropietarios.org\/wp-content\/uploads\/2023\/11\/file.jpg 1000w, https:\/\/vecinosypropietarios.org\/wp-content\/uploads\/2023\/11\/file-300x200.jpg 300w, https:\/\/vecinosypropietarios.org\/wp-content\/uploads\/2023\/11\/file-768x512.jpg 768w\" sizes=\"auto, (max-width: 1000px) 100vw, 1000px\" \/><\/figure>\n\n\n\n<p><strong><u>El Sr. D\u00cdAZ CALUMNIA, otra vez, a la ASOCIACI\u00d3N, en el PLENO<\/u><\/strong><\/p>\n\n\n\n<p>Estimados socios,<\/p>\n\n\n\n<p>&nbsp;el Pleno del Ayuntamiento del pasado 25 de octubre&nbsp;vio resurgir en el discurso del ex alcalde Sr. D\u00edaz&nbsp;el&nbsp;deplorable&nbsp;esp\u00edritu&nbsp;contra los&nbsp;vecinos que&nbsp;colaboran por el bien general, demostrado, y que solo&nbsp;piden&nbsp;ayuda y soluciones. Afortunadamente, ahora no puede seguir utilizando al Ayuntamiento para&nbsp;no&nbsp;resolver los&nbsp;<strong>graves<\/strong> problemas descubiertos causantes del deterioro y&nbsp;par\u00e1lisis&nbsp;local<strong>,<\/strong> causa de que nos superen los pueblos vecinos, pero por contra, persiste en esconder sus culpas como sea, sin&nbsp;l\u00edmites \u00e9ticos, pues como es costumbre recurre a&nbsp;infundios de forma habitual para&nbsp;difuminar su responsabilidad durante su gobierno de esta situaci\u00f3n de par\u00e1lisis, a\u00fan por resolver.<\/p>\n\n\n\n<p>&nbsp;Con&nbsp;la renovaci\u00f3n del nuevo gobierno,&nbsp;la Asociaci\u00f3n de Vecinos y Propietarios renueva la esperanza de conseguir la participaci\u00f3n ciudadana y el di\u00e1logo, negados hasta ahora, aportando nuestra disposici\u00f3n y colaboraci\u00f3n en forma de conocimiento vecinal, di\u00e1logo y la b\u00fasqueda conjunta de soluciones con el nuevo consistorio que ya ha dado muestras de actuar para resolver los problemas.&nbsp;<\/p>\n\n\n\n<p>&nbsp;Prueba de ello,&nbsp;el anuncio de que <strong>el CBEP ni ha estado ni est\u00e1 en vigor<\/strong>, algo muy solicitado por esta Asociaci\u00f3n al anterior alcalde, que no solo no hizo caso si no que lo aplic\u00f3 implacablemente alargando la \u201csentencia\u201d cuatro a\u00f1os con nefastas consecuencias,&nbsp;<strong>m\u00e1s&nbsp;de 70 ruinas<\/strong>.<\/p>\n\n\n\n<p>&nbsp;\u00bfPerjudicados o interesados? o simplemente el inter\u00e9s por evitar el perjuicio en la propiedad privada, principio b\u00e1sico del derecho, negado por el ex alcalde del PP, parad\u00f3jicamente, a quien tampoco&nbsp;le entra ni le entr\u00f3 lo de que el Pueblo son sus ciudadanos&nbsp;y no sus enemigos.<\/p>\n\n\n\n<p>&nbsp;El escenario&nbsp;auto encubridor&nbsp;que volc\u00f3 en el Pleno del 25 de octubre, buscando&nbsp;confusi\u00f3n en&nbsp;algunos, cada vez menos, tiene como objetivos:<\/p>\n\n\n\n<ul class=\"wp-block-list\">\n<li> <mark style=\"background-color:rgba(0, 0, 0, 0)\" class=\"has-inline-color has-vivid-red-color\">Denostar&nbsp;a&nbsp;la Junta de esta Asociaci\u00f3n<\/mark> \/&nbsp;descubridores de&nbsp;lo que hay, evidenci\u00e1ndole, siempre con hechos&nbsp;probados y publicados a la vista del&nbsp;Pueblo.&nbsp;Pretende&nbsp;quitar&nbsp;peso a lo que democr\u00e1ticamente la&nbsp;Asociaci\u00f3n decide, sin \u00e9xito y&nbsp;con ello&nbsp;a los vecinos representados,&nbsp;pero no lo consigue,&nbsp;pues crecemos en socios, cada vez m\u00e1s conscientes e involucrados, y mayor representaci\u00f3n en junta para la defensa ya sin temor de nuestros pueblos.<\/li>\n<\/ul>\n\n\n\n<ul class=\"wp-block-list\">\n<li> <mark style=\"background-color:rgba(0, 0, 0, 0)\" class=\"has-inline-color has-vivid-red-color\">Poner al Ayuntamiento en nuestra contra<\/mark>&nbsp;, que ahora haya di\u00e1logo le deja mal. Tambi\u00e9n el ex alcalde intenta&nbsp;\u201cesconderse\u201d, afirmando&nbsp;que nos hemos metido con el Ayuntamiento, con los&nbsp;t\u00e9cnicos, con&nbsp;F\u00e9lix, con Balseiro, con \u00e9l y que lo haremos con&nbsp;Javier&nbsp;alg\u00fan d\u00eda. Afirmaciones del todo falsas, a la vez que malvadas y a la vista est\u00e1 que todas nuestras acciones han ido siempre dirigidas al m\u00e1ximo responsable, el alcalde,&nbsp;y por tanto quien debe responder por sus actos o sus omisiones. En este sentido, hay que reconocer a quien en su corta andadura ya ha hecho m\u00e1s por el urbanismo que otros en cuatro a\u00f1os. (<a href=\"https:\/\/www.vecinosypropietarios.org\">V\u00e9anse comunicados&nbsp;en la Web-AVP<\/a>)<\/li>\n<\/ul>\n\n\n\n<p>Y como m\u00e1ximos responsables:<\/p>\n\n\n\n<div class=\"wp-block-group\"><div class=\"wp-block-group__inner-container is-layout-constrained wp-block-group-is-layout-constrained\">\n<div class=\"wp-block-group\"><div class=\"wp-block-group__inner-container is-layout-constrained wp-block-group-is-layout-constrained\">\n<blockquote class=\"wp-block-quote is-layout-flow wp-block-quote-is-layout-flow\">\n<p class=\"has-text-align-left\">1. <strong>Alcalde Hernanz<\/strong>: si hubiese mandado el&nbsp;cat\u00e1logo&nbsp;de las NNSS96 cuando tocaba, antes de inventar la CAM el fichero de los 248 bienes en nuestro Municipio (El que&nbsp;m\u00e1s&nbsp;tras&nbsp;la Capital), no&nbsp;hubiera habido&nbsp;ning\u00fan problema&nbsp;y&nbsp;adem\u00e1s&nbsp;<strong>tendr\u00edamos&nbsp;bifamiliar<\/strong> y no las m\u00e1s de 70 ruinas actuales.<\/p>\n<\/blockquote>\n\n\n\n<blockquote class=\"wp-block-quote is-layout-flow wp-block-quote-is-layout-flow\">\n<p class=\"has-text-align-left\">2.&nbsp;<strong>Alcalde Vicente<\/strong>: elabor\u00f3&nbsp;el CBEP, pero sin comprobar&nbsp;cu\u00e1ntos&nbsp;bienes&nbsp;ten\u00eda&nbsp;que meter obligatorios (Cat\u00e1logo Geogr\u00e1fico&nbsp;= <strong>27<\/strong>, no <strong>248<\/strong>), lo hizo sin consultar&nbsp;con los lugare\u00f1os y propietarios,&nbsp;hecho que lo invalida&nbsp;per se.&nbsp;\u00bfQu\u00e9&nbsp;t\u00e9cnicos&nbsp;estaban?.<\/p>\n<\/blockquote>\n\n\n\n<blockquote class=\"wp-block-quote is-layout-flow wp-block-quote-is-layout-flow\">\n<p>3.&nbsp;<strong>Alcalde D\u00edaz<\/strong>:&nbsp;\u00a1Sin leerlo, como&nbsp;reconoci\u00f3, lo&nbsp;aprueba en Pleno y lo&nbsp;env\u00eda&nbsp;a Madrid!, y durante&nbsp;cuatro a\u00f1os fue implacable en su aplicaci\u00f3n a pesar de no estar en vigor, \u00a1atenci\u00f3n a esto!. No tuvo en cuenta la alternativa elaborada con esta Asociaci\u00f3n&nbsp;CBEP-AVP (AVP + Alcalde) hecha en solo <strong>dos meses<\/strong>&nbsp;y&nbsp;esta vez cumpliendo los&nbsp;criterios legales y con base y conocimiento del entorno. No cumpli\u00f3 con el compromiso de ponerlo en marcha, <strong>tendr\u00edamos bifamiliar<\/strong>, y para no explicarse nos di\u00f3 portazo.<\/p>\n<\/blockquote>\n<\/div><\/div>\n\n\n\n<p>Otra cuesti\u00f3n es, si la asesor\u00eda t\u00e9cnica de los empleados\/funcionarios fue leal al pueblo y sus derechos fundamentales o a las directrices de los respectivos alcaldes y aqu\u00ed cabe recordarle al exalcalde que en 2020 y como \u201cbuena noticia\u201d divulg\u00f3 por el pueblo y en diferentes foros, incluidas reuniones con la AVP, que <strong>hab\u00eda abierto el proceso para despedir al arquitecto, el actual si<\/strong>, y que ped\u00eda el apoyo del Pueblo, que ten\u00eda, pero no hizo lo prometido y as\u00ed estamos.<\/p>\n<\/div><\/div>\n\n\n\n<p>La pataleta que se escuch\u00f3 en el Pleno del 25 de octubre,&nbsp;foro que merece m\u00e1s respeto y nivel, habiendo tanto tema pendiente de resolver, no es otra cosa que desviar la atenci\u00f3n, como ya era evidente y ahora sabe m\u00e1s gente gracias a YouTube <strong><em><mark style=\"background-color:rgba(0, 0, 0, 0)\" class=\"has-inline-color has-vivid-cyan-blue-color\">(<a href=\"https:\/\/www.vecinosypropietarios.org\/PLENO%20Ayto%20Lozoyuela%20Diaz%20Calumia%20de%20nuevo.mp4\">Ver video<\/a>)<\/mark><\/em><\/strong>, definitivamente debe de ser respondido y por ello solicitaremos al Sr. Alcalde nuestra intervenci\u00f3n en el pr\u00f3ximo&nbsp;pleno donde responder a los infundios volcados en dicho foro y adem\u00e1s&nbsp;en cumplimiento de los art\u00edculos 227 y 228 del Real decreto 2568\/1986 y el 72 de la ley 7\/1985, con exposici\u00f3n simple de los hechos, como siempre, para que ellos&nbsp;solos&nbsp;respondan.<\/p>\n\n\n\n<p style=\"font-style:italic;font-weight:600\"><em>Le recomendamos al Sr. D\u00edaz que concrete las calumnias que dice que los \u00abdirectivos\u00bb de esta Asociaci\u00f3n hemos vertido sobre su persona y otros mencionados por \u00e9l y que, con esa documentaci\u00f3n, presente una denuncia por delito de calumnias contra los mismos. En caso contrario, queda entendido que solo pretende, como siempre, desviar la atenci\u00f3n con palabras vac\u00edas de contenido y, como sabe hacer tan bien, echar la culpa a los dem\u00e1s de sus propios problemas y errores.<\/em><\/p>\n\n\n\n<p style=\"font-style:italic;font-weight:600\"><em>Tambi\u00e9n le invitamos, una vez m\u00e1s, a que se ponga a trabajar a favor del pueblo y vecinos, unidos mayoritariamente en la Asociaci\u00f3n, escuch\u00e1ndolos cuanto menos, no agravi\u00e1ndoles o en su caso que se aparte definitivamente y nos deje resolver los muchos problemas que acumulamos.<\/em><\/p>\n\n\n\n<p>&nbsp;Si dejamos que el ruido y el humo que tan bien se le da echar al Sr. D\u00edaz ocupen nuestro tiempo y energ\u00eda, nunca se resolver\u00e1n o no lo har\u00e1n r\u00e1pido los problemas que ahora acucian el Municipio, por ello haremos lo necesario para evitarlo y lo esencial es dar nuestro apoyo al nuevo consistorio y mantener el compromiso con nuestro Pueblo para que&nbsp;juntos lo saquemos de esta&nbsp;situaci\u00f3n&nbsp;y recupere su perdido lugar y calidad.<\/p>\n\n\n\n<p>&nbsp;A todos cordiales saludos<\/p>\n\n\n\n<p>Junta Directiva<\/p>\n\n\n\n<p><strong>Asociaci\u00f3n de Vecinos y Propietarios de Lozoyuela-Navas-Sieteiglesias<\/strong><\/p>\n\n\n\n<figure class=\"wp-block-image size-full is-resized\"><img loading=\"lazy\" decoding=\"async\" width=\"463\" height=\"524\" src=\"https:\/\/vecinosypropietarios.org\/wp-content\/uploads\/2023\/10\/AVP-logo-red-e1696848534786.png\" alt=\"\" class=\"wp-image-1239\" style=\"aspect-ratio:0.8835877862595419;width:126px;height:auto\"\/><\/figure>\n\n\n\n<p><a href=\"mailto:info@vecinosypropietarios.org\">info@vecinosypropietarios.org<\/a><\/p>\n\n\n\n<p><a href=\"http:\/\/www.vecinosypropietarios.org\/\">www.vecinosypropietarios.org<\/a><\/p>\n\n\n\n<p>Wapp&nbsp;<strong>644 91 65 66<\/strong><\/p>\n\n\n\n<p><\/p>\n","protected":false},"excerpt":{"rendered":"<p>El Sr. D\u00cdAZ CALUMNIA, otra vez, a la ASOCIACI\u00d3N, en el PLENO Estimados socios, &nbsp;el Pleno del Ayuntamiento del pasado 25 de octubre&nbsp;vio resurgir en el discurso del ex alcalde Sr. D\u00edaz&nbsp;el&nbsp;deplorable&nbsp;esp\u00edritu&nbsp;contra los&nbsp;vecinos que&nbsp;colaboran&#46;&#46;&#46;<\/p>\n","protected":false},"author":1,"featured_media":1296,"comment_status":"open","ping_status":"closed","sticky":false,"template":"","format":"standard","meta":{"_seopress_robots_primary_cat":"61","_seopress_titles_title":"","_seopress_titles_desc":"","_seopress_robots_index":"","footnotes":""},"categories":[64,68,61],"tags":[23,77],"class_list":["post-1290","post","type-post","status-publish","format-standard","has-post-thumbnail","hentry","category-municipio","category-participacion","category-pleno","tag-ayuntamiento","tag-pleno"],"_links":{"self":[{"href":"https:\/\/vecinosypropietarios.org\/index.php?rest_route=\/wp\/v2\/posts\/1290","targetHints":{"allow":["GET"]}}],"collection":[{"href":"https:\/\/vecinosypropietarios.org\/index.php?rest_route=\/wp\/v2\/posts"}],"about":[{"href":"https:\/\/vecinosypropietarios.org\/index.php?rest_route=\/wp\/v2\/types\/post"}],"author":[{"embeddable":true,"href":"https:\/\/vecinosypropietarios.org\/index.php?rest_route=\/wp\/v2\/users\/1"}],"replies":[{"embeddable":true,"href":"https:\/\/vecinosypropietarios.org\/index.php?rest_route=%2Fwp%2Fv2%2Fcomments&post=1290"}],"version-history":[{"count":26,"href":"https:\/\/vecinosypropietarios.org\/index.php?rest_route=\/wp\/v2\/posts\/1290\/revisions"}],"predecessor-version":[{"id":1340,"href":"https:\/\/vecinosypropietarios.org\/index.php?rest_route=\/wp\/v2\/posts\/1290\/revisions\/1340"}],"wp:featuredmedia":[{"embeddable":true,"href":"https:\/\/vecinosypropietarios.org\/index.php?rest_route=\/wp\/v2\/media\/1296"}],"wp:attachment":[{"href":"https:\/\/vecinosypropietarios.org\/index.php?rest_route=%2Fwp%2Fv2%2Fmedia&parent=1290"}],"wp:term":[{"taxonomy":"category","embeddable":true,"href":"https:\/\/vecinosypropietarios.org\/index.php?rest_route=%2Fwp%2Fv2%2Fcategories&post=1290"},{"taxonomy":"post_tag","embeddable":true,"href":"https:\/\/vecinosypropietarios.org\/index.php?rest_route=%2Fwp%2Fv2%2Ftags&post=1290"}],"curies":[{"name":"wp","href":"https:\/\/api.w.org\/{rel}","templated":true}]}}