{"id":1480,"date":"2024-02-17T13:05:10","date_gmt":"2024-02-17T12:05:10","guid":{"rendered":"https:\/\/vecinosypropietarios.org\/?p=1480"},"modified":"2024-02-17T17:35:45","modified_gmt":"2024-02-17T16:35:45","slug":"obras-y-peatonalizacion-de-la-avda-de-madrid","status":"publish","type":"post","link":"https:\/\/vecinosypropietarios.org\/?p=1480","title":{"rendered":"OBRAS y PEATONALIZACI\u00d3N de la Avda. de Madrid"},"content":{"rendered":"<div class=\"wp-block-image\">\n<figure class=\"aligncenter size-large is-resized\"><img loading=\"lazy\" decoding=\"async\" width=\"1024\" height=\"767\" src=\"https:\/\/vecinosypropietarios.org\/wp-content\/uploads\/2024\/02\/IMG_20240217_121119-1024x767.jpg\" alt=\"\" class=\"wp-image-1500\" style=\"aspect-ratio:1.3350717079530638;width:588px;height:auto\" srcset=\"https:\/\/vecinosypropietarios.org\/wp-content\/uploads\/2024\/02\/IMG_20240217_121119-1024x767.jpg 1024w, https:\/\/vecinosypropietarios.org\/wp-content\/uploads\/2024\/02\/IMG_20240217_121119-300x225.jpg 300w, https:\/\/vecinosypropietarios.org\/wp-content\/uploads\/2024\/02\/IMG_20240217_121119-768x575.jpg 768w, https:\/\/vecinosypropietarios.org\/wp-content\/uploads\/2024\/02\/IMG_20240217_121119-1536x1150.jpg 1536w, https:\/\/vecinosypropietarios.org\/wp-content\/uploads\/2024\/02\/IMG_20240217_121119-2048x1534.jpg 2048w\" sizes=\"auto, (max-width: 1024px) 100vw, 1024px\" \/><\/figure>\n<\/div>\n\n\n<p>Buenos d\u00edas,<\/p>\n\n\n\n<p><strong>El martes 13 mantuvimos reuni\u00f3n con alcalde y Tte. alcalde para<\/strong> :<\/p>\n\n\n\n<ul class=\"wp-block-list\">\n<li style=\"text-decoration:underline\">Conocer detalles de todo el proceso Obra\/Peatonalizaci\u00f3n, pedido en octubre, y<\/li>\n\n\n\n<li style=\"text-decoration:underline\">Aportar el sentir y nuestra propuesta contraria y razonada a la peatonalizaci\u00f3n en Lozoyuela.<\/li>\n<\/ul>\n\n\n\n<p><strong>Alegamos que:<\/strong><\/p>\n\n\n\n<ol class=\"wp-block-list\" type=\"1\">\n<li><strong>No entendemos la relaci\u00f3n entre obra en un corto tramo de la Avda. (Estanco a esquina de San Quint\u00edn) con peatonalizar toda la Avda.<\/strong> y hemos de decir que seguimos sin respuesta otra que \u201chay que peatonalizar\u201d. Habr\u00e1 que insistir en que se aclare y justifique este esencial punto, claro.                                  <\/li>\n\n\n\n<li><strong>Queda demostrado que el proyecto es incompleto en su concepci\u00f3n <\/strong>al comprobarse que es ajeno al impacto en la vida y actividad de los vecinos y sin ello es un proyecto a devolver.                   <\/li>\n\n\n\n<li><strong>Hemos mostrado parte de las carencias e inconvenientes (Impacto comercial, Bus, aceras, etc)<\/strong> que el Consistorio actual ha comprobado y est\u00e1 trabajando en acciones paliativas y de adecuaci\u00f3n, no valoradas en su momento por el consistorio anterior y t\u00e9cnicos. Estas llevar\u00e1n tiempo, mucha gesti\u00f3n y costes a\u00f1adidos y son para aplicarse antes de pensar en peatonalizar y ver resultado.                       <\/li>\n\n\n\n<li><strong>Mostramos<\/strong> <strong>que nada tienen que ver otros pueblos con nuestra configuraci\u00f3n.<\/strong> Nada peor que aplicar la medicina de un paciente a otro sin estudiar su naturaleza. Valen las soluciones propias y aqu\u00ed hay por hacer toda la tarea previa de pensar en ello y en la enorme inversi\u00f3n que requiere, habiendo tanta cosa pendiente y de evidente mayor prioridad.                                                                            <\/li>\n\n\n\n<li><strong>N1A es el nombre de nuestra Avda. de Madrid para carreteras, <\/strong>es decir v\u00eda de emergencia de la A1 y recordaremos los l\u00edos causados en varias ocasiones por dicho desv\u00edo del tr\u00e1fico (M\u00e1s abajo se muestra video y fotos), fig\u00farense esto si peatonalizada, con jardineras y sin aceras guarda de peatones. En ninguno de los pueblos por donde pasa la N1A la han peatonalizado, La Cabrera, Cabanillas, San Agustin, Alcobendas, Buitrago  (no confundir calle Real de Buitrago, con la N1A y su puente), etc., \u00a1por algo ser\u00e1!. <\/li>\n\n\n\n<li><strong>Que se ha mostrado la disconformidad de Comerciantes y vecinos<\/strong> por esta peatonalizaci\u00f3n, presentando firmas en tres ocasiones: \n<ul class=\"wp-block-list\">\n<li>2015 &#8211; L\u00edneas amarillas: Se presentan <strong>18 comerciantes<\/strong>  <\/li>\n\n\n\n<li>2015 &#8211; L\u00edneas amarilla: Se presentan <strong>120 firmas<\/strong>, entre ellas concejales de gobierno y oposici\u00f3n en el Ayuntamiento.      <\/li>\n\n\n\n<li>2021- Peatonalizaci\u00f3n: Se presentaron <strong>327 firmas.<\/strong><\/li>\n<\/ul>\n<\/li>\n<\/ol>\n\n\n\n<p><strong>Plazos<\/strong>: por razones administrativas se retrasa la obra desde estanco a San Quint\u00edn hasta despu\u00e9s de Semana Santa, permitiendo que se reconsidere todo al no haber nada irreversible hasta el momento.<\/p>\n\n\n\n<p>&nbsp;En virtud de <strong>los reconocidos puntos anteriores<\/strong> y el retraso en la ejecuci\u00f3n de la primera parte de la obra, creemos que lo adecuado y responsable, a tenor de las carencias encontradas, seria y as\u00ed lo pedimos:<\/p>\n\n\n\n<ul class=\"wp-block-list\">\n<li><strong>Desvincular <\/strong>bajada de cota de la Avda., que no es otra cosa que arreglar errores pasados y aprovechar para enterrar cableado, de la peatonalizaci\u00f3n de la Avenida.                                                        .<\/li>\n\n\n\n<li><strong>Revisar profundamente<\/strong> el proyecto anterior de obra de solo bajada de cota y enterrado de cables, con el aporte ciudadano, para hacerlo adecuado. Nos har\u00e1n llegar la memoria que solicitamos en octubre de 2023 para que podamos hacer aportaciones y razones.                                                                                                                              .<\/li>\n\n\n\n<li><strong>Postergar el proceso<\/strong> de peatonalizaci\u00f3n, de muy alto coste, hasta que no queden acondicionados y adecuados los entornos que se ver\u00e1n afectados por el mismo, es decir, poner primero los cimientos antes que el tejado.<\/li>\n<\/ul>\n\n\n\n<p>Finalmente mencionar que ciudades como <strong>Pontevedra <\/strong>(2019)<strong>, Albacete <\/strong>(2016)<strong>, C\u00e1diz <\/strong>(2017) <strong>y Palencia<\/strong> (2015), entre otras, revirtieron parte de la peatonalizaci\u00f3n por lo aqu\u00ed demostrado y expuesto, m\u00e1s da\u00f1o que beneficio a la actividad econ\u00f3mica y \u00bfque tenemos si no?. Ya hemos probado y afect\u00f3 para mal.<\/p>\n\n\n\n<p class=\"has-text-align-left\">Resaltamos algunas experiencias vividas, reflejadas por los vecinos en el Chat, que muestran y demuestran que todo est\u00e1 en contra de peatonalizar la avenida de Madrid, al menos ahora:<\/p>\n\n\n\n<ul class=\"wp-block-list\">\n<li><strong>Los camiones no caben por las variantes Soledad y Vel\u00e1zquez :<\/strong><\/li>\n<\/ul>\n\n\n<div class=\"wp-block-image\">\n<figure class=\"aligncenter size-large is-resized\"><img loading=\"lazy\" decoding=\"async\" width=\"768\" height=\"1024\" src=\"https:\/\/vecinosypropietarios.org\/wp-content\/uploads\/2024\/02\/No-hay-alternativa-lateral-Camiones-2024-02-07-a-las-18.46.29_ad585ccc-768x1024.jpg\" alt=\"\" class=\"wp-image-1493\" style=\"aspect-ratio:0.75;width:341px;height:auto\" srcset=\"https:\/\/vecinosypropietarios.org\/wp-content\/uploads\/2024\/02\/No-hay-alternativa-lateral-Camiones-2024-02-07-a-las-18.46.29_ad585ccc-768x1024.jpg 768w, https:\/\/vecinosypropietarios.org\/wp-content\/uploads\/2024\/02\/No-hay-alternativa-lateral-Camiones-2024-02-07-a-las-18.46.29_ad585ccc-225x300.jpg 225w, https:\/\/vecinosypropietarios.org\/wp-content\/uploads\/2024\/02\/No-hay-alternativa-lateral-Camiones-2024-02-07-a-las-18.46.29_ad585ccc-1152x1536.jpg 1152w, https:\/\/vecinosypropietarios.org\/wp-content\/uploads\/2024\/02\/No-hay-alternativa-lateral-Camiones-2024-02-07-a-las-18.46.29_ad585ccc.jpg 1536w\" sizes=\"auto, (max-width: 768px) 100vw, 768px\" \/><\/figure>\n<\/div>\n\n\n<ul class=\"wp-block-list\">\n<li><strong>La Avenida es emergencia de la A1 : <\/strong><\/li>\n<\/ul>\n\n\n\n<figure class=\"wp-block-video aligncenter\"><video height=\"850\" style=\"aspect-ratio: 474 \/ 850;\" width=\"474\" controls src=\"https:\/\/vecinosypropietarios.org\/wp-content\/uploads\/2024\/02\/Avenida-caravana-coches-nocturna-N1A-2024-02-09-a-las-19.34.22_d4b35ca7.mp4\"><\/video><\/figure>\n\n\n\n<ul class=\"wp-block-list\">\n<li><strong>\u00bfTanto efecto negativo para el Pueblo para tan poco?:<\/strong><\/li>\n<\/ul>\n\n\n<div class=\"wp-block-image\">\n<figure class=\"aligncenter size-large is-resized\"><img loading=\"lazy\" decoding=\"async\" width=\"771\" height=\"1024\" src=\"https:\/\/vecinosypropietarios.org\/wp-content\/uploads\/2024\/02\/Imagen-de-WhatsApp-2024-02-09-a-las-19.07.13_5ec0288f-771x1024.jpg\" alt=\"\" class=\"wp-image-1495\" style=\"aspect-ratio:0.7529296875;width:322px;height:auto\" srcset=\"https:\/\/vecinosypropietarios.org\/wp-content\/uploads\/2024\/02\/Imagen-de-WhatsApp-2024-02-09-a-las-19.07.13_5ec0288f-771x1024.jpg 771w, https:\/\/vecinosypropietarios.org\/wp-content\/uploads\/2024\/02\/Imagen-de-WhatsApp-2024-02-09-a-las-19.07.13_5ec0288f-226x300.jpg 226w, https:\/\/vecinosypropietarios.org\/wp-content\/uploads\/2024\/02\/Imagen-de-WhatsApp-2024-02-09-a-las-19.07.13_5ec0288f-768x1020.jpg 768w, https:\/\/vecinosypropietarios.org\/wp-content\/uploads\/2024\/02\/Imagen-de-WhatsApp-2024-02-09-a-las-19.07.13_5ec0288f-1157x1536.jpg 1157w, https:\/\/vecinosypropietarios.org\/wp-content\/uploads\/2024\/02\/Imagen-de-WhatsApp-2024-02-09-a-las-19.07.13_5ec0288f.jpg 1536w\" sizes=\"auto, (max-width: 771px) 100vw, 771px\" \/><\/figure>\n<\/div>\n\n\n<ul class=\"wp-block-list\">\n<li><strong>Para agravar mas el problema de tr\u00e1fico en callejas desfiladero<\/strong><\/li>\n<\/ul>\n\n\n<div class=\"wp-block-image\">\n<figure class=\"aligncenter size-large is-resized\"><img loading=\"lazy\" decoding=\"async\" width=\"1024\" height=\"768\" src=\"https:\/\/vecinosypropietarios.org\/wp-content\/uploads\/2024\/02\/Desfiladero-Sagrario-2-direcciones-2024-02-07-a-las-18.23.22_df2bea23-1024x768.jpg\" alt=\"\" class=\"wp-image-1498\" style=\"aspect-ratio:1.3333333333333333;width:369px;height:auto\" srcset=\"https:\/\/vecinosypropietarios.org\/wp-content\/uploads\/2024\/02\/Desfiladero-Sagrario-2-direcciones-2024-02-07-a-las-18.23.22_df2bea23-1024x768.jpg 1024w, https:\/\/vecinosypropietarios.org\/wp-content\/uploads\/2024\/02\/Desfiladero-Sagrario-2-direcciones-2024-02-07-a-las-18.23.22_df2bea23-300x225.jpg 300w, https:\/\/vecinosypropietarios.org\/wp-content\/uploads\/2024\/02\/Desfiladero-Sagrario-2-direcciones-2024-02-07-a-las-18.23.22_df2bea23-768x576.jpg 768w, https:\/\/vecinosypropietarios.org\/wp-content\/uploads\/2024\/02\/Desfiladero-Sagrario-2-direcciones-2024-02-07-a-las-18.23.22_df2bea23-1536x1152.jpg 1536w, https:\/\/vecinosypropietarios.org\/wp-content\/uploads\/2024\/02\/Desfiladero-Sagrario-2-direcciones-2024-02-07-a-las-18.23.22_df2bea23.jpg 1600w\" sizes=\"auto, (max-width: 1024px) 100vw, 1024px\" \/><\/figure>\n<\/div>\n\n\n<ul class=\"wp-block-list\">\n<li><strong>Mientras que tenemos el eje de vida en la avenida, ancha y con aceras y la Plaza del Ayuntamiento inerte y sin uso:<\/strong><\/li>\n<\/ul>\n\n\n<div class=\"wp-block-image\">\n<figure class=\"aligncenter size-large is-resized\"><img loading=\"lazy\" decoding=\"async\" width=\"1024\" height=\"767\" src=\"https:\/\/vecinosypropietarios.org\/wp-content\/uploads\/2024\/02\/IMG_20240217_120747-1024x767.jpg\" alt=\"\" class=\"wp-image-1499\" style=\"aspect-ratio:1.3350717079530638;width:489px;height:auto\" srcset=\"https:\/\/vecinosypropietarios.org\/wp-content\/uploads\/2024\/02\/IMG_20240217_120747-1024x767.jpg 1024w, https:\/\/vecinosypropietarios.org\/wp-content\/uploads\/2024\/02\/IMG_20240217_120747-300x225.jpg 300w, https:\/\/vecinosypropietarios.org\/wp-content\/uploads\/2024\/02\/IMG_20240217_120747-768x575.jpg 768w, https:\/\/vecinosypropietarios.org\/wp-content\/uploads\/2024\/02\/IMG_20240217_120747-1536x1150.jpg 1536w, https:\/\/vecinosypropietarios.org\/wp-content\/uploads\/2024\/02\/IMG_20240217_120747-2048x1534.jpg 2048w\" sizes=\"auto, (max-width: 1024px) 100vw, 1024px\" \/><\/figure>\n<\/div>\n\n\n<p>   <strong>Y hay muchas mas imagenes de estos problemas actuales que antes de peatonalizar hay que resolver.<\/strong><\/p>\n\n\n\n<ul class=\"wp-block-list\">\n<li><strong>Les dejamos la fotograf\u00eda de un antepasado de nuestro AUTOB\u00daS. Tambi\u00e9n aparece la antigua Botica tras su reconstrucci\u00f3n : <\/strong><\/li>\n<\/ul>\n\n\n<div class=\"wp-block-image\">\n<figure class=\"aligncenter size-large is-resized\"><img loading=\"lazy\" decoding=\"async\" width=\"1024\" height=\"767\" src=\"https:\/\/vecinosypropietarios.org\/wp-content\/uploads\/2024\/02\/IMG_20240217_121119-1024x767.jpg\" alt=\"\" class=\"wp-image-1500\" style=\"aspect-ratio:1.3350785340314135;width:607px;height:auto\" srcset=\"https:\/\/vecinosypropietarios.org\/wp-content\/uploads\/2024\/02\/IMG_20240217_121119-1024x767.jpg 1024w, https:\/\/vecinosypropietarios.org\/wp-content\/uploads\/2024\/02\/IMG_20240217_121119-300x225.jpg 300w, https:\/\/vecinosypropietarios.org\/wp-content\/uploads\/2024\/02\/IMG_20240217_121119-768x575.jpg 768w, https:\/\/vecinosypropietarios.org\/wp-content\/uploads\/2024\/02\/IMG_20240217_121119-1536x1150.jpg 1536w, https:\/\/vecinosypropietarios.org\/wp-content\/uploads\/2024\/02\/IMG_20240217_121119-2048x1534.jpg 2048w\" sizes=\"auto, (max-width: 1024px) 100vw, 1024px\" \/><\/figure>\n<\/div>\n\n\n<p>&nbsp;Estamos a la espera por parte del alcalde de recibir la memoria de la obra y m\u00e1s noticias que esperan de Carreteras y de la Comunidad para tener nueva reuni\u00f3n la semana pr\u00f3xima con los nuevos datos.<\/p>\n\n\n\n<p>&nbsp; Es de agradecer el abierto y constructivo di\u00e1logo de la reuni\u00f3n, que agradecemos al alcalde, y tambi\u00e9n productivo, donde se aportaron diferentes soluciones y v\u00edas.<\/p>\n\n\n\n<p>Saludos cordiales<\/p>\n","protected":false},"excerpt":{"rendered":"<p>Buenos d\u00edas, El martes 13 mantuvimos reuni\u00f3n con alcalde y Tte. alcalde para : Alegamos que: Plazos: por razones administrativas se retrasa la obra desde estanco a San Quint\u00edn hasta despu\u00e9s de Semana Santa,&#46;&#46;&#46;<\/p>\n","protected":false},"author":1,"featured_media":1500,"comment_status":"open","ping_status":"closed","sticky":false,"template":"","format":"standard","meta":{"_seopress_robots_primary_cat":"79","_seopress_titles_title":"","_seopress_titles_desc":"","_seopress_robots_index":"","footnotes":""},"categories":[79,62,78],"tags":[],"class_list":["post-1480","post","type-post","status-publish","format-standard","has-post-thumbnail","hentry","category-avenida","category-ayuntamiento","category-movilidad"],"_links":{"self":[{"href":"https:\/\/vecinosypropietarios.org\/index.php?rest_route=\/wp\/v2\/posts\/1480","targetHints":{"allow":["GET"]}}],"collection":[{"href":"https:\/\/vecinosypropietarios.org\/index.php?rest_route=\/wp\/v2\/posts"}],"about":[{"href":"https:\/\/vecinosypropietarios.org\/index.php?rest_route=\/wp\/v2\/types\/post"}],"author":[{"embeddable":true,"href":"https:\/\/vecinosypropietarios.org\/index.php?rest_route=\/wp\/v2\/users\/1"}],"replies":[{"embeddable":true,"href":"https:\/\/vecinosypropietarios.org\/index.php?rest_route=%2Fwp%2Fv2%2Fcomments&post=1480"}],"version-history":[{"count":20,"href":"https:\/\/vecinosypropietarios.org\/index.php?rest_route=\/wp\/v2\/posts\/1480\/revisions"}],"predecessor-version":[{"id":1511,"href":"https:\/\/vecinosypropietarios.org\/index.php?rest_route=\/wp\/v2\/posts\/1480\/revisions\/1511"}],"wp:featuredmedia":[{"embeddable":true,"href":"https:\/\/vecinosypropietarios.org\/index.php?rest_route=\/wp\/v2\/media\/1500"}],"wp:attachment":[{"href":"https:\/\/vecinosypropietarios.org\/index.php?rest_route=%2Fwp%2Fv2%2Fmedia&parent=1480"}],"wp:term":[{"taxonomy":"category","embeddable":true,"href":"https:\/\/vecinosypropietarios.org\/index.php?rest_route=%2Fwp%2Fv2%2Fcategories&post=1480"},{"taxonomy":"post_tag","embeddable":true,"href":"https:\/\/vecinosypropietarios.org\/index.php?rest_route=%2Fwp%2Fv2%2Ftags&post=1480"}],"curies":[{"name":"wp","href":"https:\/\/api.w.org\/{rel}","templated":true}]}}