{"id":1512,"date":"2024-02-22T12:03:54","date_gmt":"2024-02-22T11:03:54","guid":{"rendered":"https:\/\/vecinosypropietarios.org\/?p=1512"},"modified":"2024-02-22T12:03:57","modified_gmt":"2024-02-22T11:03:57","slug":"convenios-peatonalizar-avenida","status":"publish","type":"post","link":"https:\/\/vecinosypropietarios.org\/?p=1512","title":{"rendered":"CONVENIOS PEATONALIZAR AVENIDA"},"content":{"rendered":"\n<p><strong><u>CONVENIOS PEATONALIZAR AVENIDA<\/u><\/strong><\/p>\n\n\n\n<p>Buenos d\u00edas,<\/p>\n\n\n\n<p class=\"has-black-color has-text-color\">\u00a0 A ra\u00edz de tener conocimiento parcial de los convenios con la Comunidad para la financiaci\u00f3n de la obra de bajada de cota en el tramo del estanco a esquina de San Quint\u00edn en la <strong>Avda. de Madrid<\/strong> de Lozoyuela, hemos pedido al alcalde y por registro del Ayuntamiento <strong>(<a href=\"https:\/\/www.vecinosypropietarios.org\/AVP%20Avda%20pedir%20convenios%20CAM%20obras%20y%20peatonalizacion%20_%20.pdf\" target=\"_blank\" rel=\"noreferrer noopener\">Escrito petici\u00f3n<\/a>)<\/strong> que se nos de vista y copia de \u00e9stos convenios para \u00a0poner luz, completa, al asunto.<\/p>\n\n\n\n<p>\u00a0\u00a0 Hemos de evitar la oscura y penosa actuaci\u00f3n que vivimos con el <strong>CBEP<\/strong>, que requiri\u00f3 cambio de alcalde para que el Ayuntamiento informase que no estaba en vigor, como llevaba diciendo 4 a\u00f1os la Asociaci\u00f3n y en juzgado confes\u00f3 la propia Dir. General de Patrimonio en el primer proceso judicial contra el CBEP donde nos dieron la raz\u00f3n, desde Madrid claro, <strong>algo que parece haber olvidado el ex alcalde.<\/strong><\/p>\n\n\n\n<p>\u00a0\u00a0Tambi\u00e9n hemos solicitado el expediente completo de la gesti\u00f3n de este asunto en local y con la Comunidad, ya que la v\u00eda adecuada y correcta es esperar hasta que se hayan estructurado las cosas pensando en los ciudadanos y se hayan implantado los medios necesarios para evitarles impactos negativos, carencia actual del proyecto, \u00a1no vista hasta ahora!.<\/p>\n\n\n<div class=\"wp-block-image\">\n<figure class=\"aligncenter size-large is-resized\"><img loading=\"lazy\" decoding=\"async\" width=\"768\" height=\"1024\" src=\"https:\/\/vecinosypropietarios.org\/wp-content\/uploads\/2024\/02\/No-hay-alternativa-lateral-Camiones-2024-02-07-a-las-18.46.29_ad585ccc-768x1024.jpg\" alt=\"\" class=\"wp-image-1493\" style=\"aspect-ratio:0.75;width:265px;height:auto\" srcset=\"https:\/\/vecinosypropietarios.org\/wp-content\/uploads\/2024\/02\/No-hay-alternativa-lateral-Camiones-2024-02-07-a-las-18.46.29_ad585ccc-768x1024.jpg 768w, https:\/\/vecinosypropietarios.org\/wp-content\/uploads\/2024\/02\/No-hay-alternativa-lateral-Camiones-2024-02-07-a-las-18.46.29_ad585ccc-225x300.jpg 225w, https:\/\/vecinosypropietarios.org\/wp-content\/uploads\/2024\/02\/No-hay-alternativa-lateral-Camiones-2024-02-07-a-las-18.46.29_ad585ccc-1152x1536.jpg 1152w, https:\/\/vecinosypropietarios.org\/wp-content\/uploads\/2024\/02\/No-hay-alternativa-lateral-Camiones-2024-02-07-a-las-18.46.29_ad585ccc.jpg 1536w\" sizes=\"auto, (max-width: 768px) 100vw, 768px\" \/><\/figure>\n<\/div>\n\n\n<p>\u00a0 Desde aqu\u00ed pedimos al Sr. Secretario que se nos entreguen lo m\u00e1s r\u00e1pido posible estos documentos y el expediente completo tengamos vista, por ser un asunto que inquieta a la poblaci\u00f3n y corre el contador.<\/p>\n\n\n\n<p>Saludos cordiales<\/p>\n","protected":false},"excerpt":{"rendered":"<p>CONVENIOS PEATONALIZAR AVENIDA Buenos d\u00edas, \u00a0 A ra\u00edz de tener conocimiento parcial de los convenios con la Comunidad para la financiaci\u00f3n de la obra de bajada de cota en el tramo del estanco a&#46;&#46;&#46;<\/p>\n","protected":false},"author":1,"featured_media":1499,"comment_status":"open","ping_status":"closed","sticky":false,"template":"","format":"standard","meta":{"_seopress_robots_primary_cat":"79","_seopress_titles_title":"","_seopress_titles_desc":"","_seopress_robots_index":"","footnotes":""},"categories":[79,62,7,78,68],"tags":[],"class_list":["post-1512","post","type-post","status-publish","format-standard","has-post-thumbnail","hentry","category-avenida","category-ayuntamiento","category-cbep","category-movilidad","category-participacion"],"_links":{"self":[{"href":"https:\/\/vecinosypropietarios.org\/index.php?rest_route=\/wp\/v2\/posts\/1512","targetHints":{"allow":["GET"]}}],"collection":[{"href":"https:\/\/vecinosypropietarios.org\/index.php?rest_route=\/wp\/v2\/posts"}],"about":[{"href":"https:\/\/vecinosypropietarios.org\/index.php?rest_route=\/wp\/v2\/types\/post"}],"author":[{"embeddable":true,"href":"https:\/\/vecinosypropietarios.org\/index.php?rest_route=\/wp\/v2\/users\/1"}],"replies":[{"embeddable":true,"href":"https:\/\/vecinosypropietarios.org\/index.php?rest_route=%2Fwp%2Fv2%2Fcomments&post=1512"}],"version-history":[{"count":3,"href":"https:\/\/vecinosypropietarios.org\/index.php?rest_route=\/wp\/v2\/posts\/1512\/revisions"}],"predecessor-version":[{"id":1517,"href":"https:\/\/vecinosypropietarios.org\/index.php?rest_route=\/wp\/v2\/posts\/1512\/revisions\/1517"}],"wp:featuredmedia":[{"embeddable":true,"href":"https:\/\/vecinosypropietarios.org\/index.php?rest_route=\/wp\/v2\/media\/1499"}],"wp:attachment":[{"href":"https:\/\/vecinosypropietarios.org\/index.php?rest_route=%2Fwp%2Fv2%2Fmedia&parent=1512"}],"wp:term":[{"taxonomy":"category","embeddable":true,"href":"https:\/\/vecinosypropietarios.org\/index.php?rest_route=%2Fwp%2Fv2%2Fcategories&post=1512"},{"taxonomy":"post_tag","embeddable":true,"href":"https:\/\/vecinosypropietarios.org\/index.php?rest_route=%2Fwp%2Fv2%2Ftags&post=1512"}],"curies":[{"name":"wp","href":"https:\/\/api.w.org\/{rel}","templated":true}]}}