{"id":1519,"date":"2024-03-01T11:14:00","date_gmt":"2024-03-01T10:14:00","guid":{"rendered":"https:\/\/vecinosypropietarios.org\/?p=1519"},"modified":"2024-03-01T12:48:10","modified_gmt":"2024-03-01T11:48:10","slug":"pleno-28-febrero-de-2024-y-avda-de-madrid","status":"publish","type":"post","link":"https:\/\/vecinosypropietarios.org\/?p=1519","title":{"rendered":"PLENO 28 febrero de 2024 y Avda. de Madrid"},"content":{"rendered":"\n<figure class=\"wp-block-gallery has-nested-images columns-default is-cropped wp-block-gallery-1 is-layout-flex wp-block-gallery-is-layout-flex\">\n<figure class=\"wp-block-image size-large\"><img loading=\"lazy\" decoding=\"async\" width=\"1024\" height=\"765\" data-id=\"1531\" src=\"https:\/\/vecinosypropietarios.org\/wp-content\/uploads\/2024\/03\/Imagen-de-WhatsApp-2024-03-01-a-las-11.44.59_17ddb893-1024x765.jpg\" alt=\"\" class=\"wp-image-1531\" srcset=\"https:\/\/vecinosypropietarios.org\/wp-content\/uploads\/2024\/03\/Imagen-de-WhatsApp-2024-03-01-a-las-11.44.59_17ddb893-1024x765.jpg 1024w, https:\/\/vecinosypropietarios.org\/wp-content\/uploads\/2024\/03\/Imagen-de-WhatsApp-2024-03-01-a-las-11.44.59_17ddb893-300x224.jpg 300w, https:\/\/vecinosypropietarios.org\/wp-content\/uploads\/2024\/03\/Imagen-de-WhatsApp-2024-03-01-a-las-11.44.59_17ddb893-768x574.jpg 768w, https:\/\/vecinosypropietarios.org\/wp-content\/uploads\/2024\/03\/Imagen-de-WhatsApp-2024-03-01-a-las-11.44.59_17ddb893-1536x1148.jpg 1536w, https:\/\/vecinosypropietarios.org\/wp-content\/uploads\/2024\/03\/Imagen-de-WhatsApp-2024-03-01-a-las-11.44.59_17ddb893.jpg 1600w\" sizes=\"auto, (max-width: 1024px) 100vw, 1024px\" \/><figcaption class=\"wp-element-caption\">viernes mediodia<\/figcaption><\/figure>\n\n\n\n<figure class=\"wp-block-image size-large\"><img loading=\"lazy\" decoding=\"async\" width=\"1024\" height=\"765\" data-id=\"1529\" src=\"https:\/\/vecinosypropietarios.org\/wp-content\/uploads\/2024\/03\/Imagen-de-WhatsApp-2024-03-01-a-las-11.45.00_c37f9e87-1024x765.jpg\" alt=\"\" class=\"wp-image-1529\" srcset=\"https:\/\/vecinosypropietarios.org\/wp-content\/uploads\/2024\/03\/Imagen-de-WhatsApp-2024-03-01-a-las-11.45.00_c37f9e87-1024x765.jpg 1024w, https:\/\/vecinosypropietarios.org\/wp-content\/uploads\/2024\/03\/Imagen-de-WhatsApp-2024-03-01-a-las-11.45.00_c37f9e87-300x224.jpg 300w, https:\/\/vecinosypropietarios.org\/wp-content\/uploads\/2024\/03\/Imagen-de-WhatsApp-2024-03-01-a-las-11.45.00_c37f9e87-768x574.jpg 768w, https:\/\/vecinosypropietarios.org\/wp-content\/uploads\/2024\/03\/Imagen-de-WhatsApp-2024-03-01-a-las-11.45.00_c37f9e87-1536x1148.jpg 1536w, https:\/\/vecinosypropietarios.org\/wp-content\/uploads\/2024\/03\/Imagen-de-WhatsApp-2024-03-01-a-las-11.45.00_c37f9e87.jpg 1600w\" sizes=\"auto, (max-width: 1024px) 100vw, 1024px\" \/><figcaption class=\"wp-element-caption\">viernes mediodia<\/figcaption><\/figure>\n\n\n\n<figure class=\"wp-block-image size-large\"><img loading=\"lazy\" decoding=\"async\" width=\"1024\" height=\"765\" data-id=\"1527\" src=\"https:\/\/vecinosypropietarios.org\/wp-content\/uploads\/2024\/03\/Imagen-de-WhatsApp-2024-03-01-a-las-11.45.02_2b2a4e1e-1024x765.jpg\" alt=\"\" class=\"wp-image-1527\" srcset=\"https:\/\/vecinosypropietarios.org\/wp-content\/uploads\/2024\/03\/Imagen-de-WhatsApp-2024-03-01-a-las-11.45.02_2b2a4e1e-1024x765.jpg 1024w, https:\/\/vecinosypropietarios.org\/wp-content\/uploads\/2024\/03\/Imagen-de-WhatsApp-2024-03-01-a-las-11.45.02_2b2a4e1e-300x224.jpg 300w, https:\/\/vecinosypropietarios.org\/wp-content\/uploads\/2024\/03\/Imagen-de-WhatsApp-2024-03-01-a-las-11.45.02_2b2a4e1e-768x574.jpg 768w, https:\/\/vecinosypropietarios.org\/wp-content\/uploads\/2024\/03\/Imagen-de-WhatsApp-2024-03-01-a-las-11.45.02_2b2a4e1e-1536x1148.jpg 1536w, https:\/\/vecinosypropietarios.org\/wp-content\/uploads\/2024\/03\/Imagen-de-WhatsApp-2024-03-01-a-las-11.45.02_2b2a4e1e.jpg 1600w\" sizes=\"auto, (max-width: 1024px) 100vw, 1024px\" \/><figcaption class=\"wp-element-caption\">viernes mediodia<\/figcaption><\/figure>\n<\/figure>\n\n\n\n<p><strong>CARTA ABIERTA de PEDRO MORENO Presidente de la Asociaci\u00f3n de Vecinos y Propietarios de Lozoyuela-Navas-Sieteiglesias.<\/strong><\/p>\n\n\n\n<ul class=\"wp-block-list\">\n<li>Triste y doloroso espect\u00e1culo el del Pleno del mi\u00e9rcoles, yo ya sab\u00eda, de mi reuni\u00f3n del d\u00eda anterior, que el nuevo alcalde iba a defender la implantaci\u00f3n del corte de calle principal de Lozoyuela.<\/li>\n<\/ul>\n\n\n\n<ul class=\"wp-block-list\">\n<li>Pero ha sido muy doloroso ver como ante animales pol\u00edticos como el se\u00f1or alcalde o el anterior en su puesto, sr. d\u00edaz, unos concejales sumisos vecinos de Lozoyuela \u2026 mi sobrino, Fran el del Dakar,&nbsp; no han levantado la voz ante este acto terrorista contra un pueblo que ped\u00eda votaci\u00f3n contra ese corte de calle y daba argumentos reales contra la peatonalizaci\u00f3n, no por moda. La misma Henrieta, hace menos de dos a\u00f1os, firm\u00f3 el manifiesto de m\u00e1s de trescientas firmas contra el corte de calle y ahora concejal sumisa vota en plenos a favor de todo lo contrario.<\/li>\n<\/ul>\n\n\n\n<ul class=\"wp-block-list\">\n<li>Estamos asistiendo al doloroso espect\u00e1culo de un tremendo error que todo el mundo ve, menos los \u201crepresentantes\u201d en \u201cnuestro\u201d Ayuntamiento, que no han mirado y solo por principios pol\u00edticos de peso est\u00e1n aplastando la voluntad del Pueblo y sus ciudadanos en pura y dura muestra de ausencia de democracia donde los que imponen sus ideas, o siguen simplemente las \u00f3rdenes de la Comunidad, infantilmente se convencen de que poner unos asientos entre los tramos de paradas del autob\u00fas servir\u00e1n para que las personas mayores descansen y se resguarden de las inclemencias del tiempo.<\/li>\n<\/ul>\n\n\n\n<ul class=\"wp-block-list\">\n<li>Tambi\u00e9n habr\u00e1 c\u00e1maras que democr\u00e1ticamente filtraran quien puede pasar por la calle principal cortada para el resto. Hemos o\u00eddo a Juan, el teniente de alcalde, decir que esta medida va a dar vida al pueblo y que un ejemplo es la calle cortada que da a la plaza del ayuntamiento donde el tiene su despacho y que eso es bueno para los ciudadanos\u2026 bueno perdona Juan, la <strong>plaza del ayuntamiento est\u00e1 muerta desde que se peatonaliz\u00f3,<\/strong> y adem\u00e1s rest\u00f3 plazas de aparcamiento serv\u00edan para incrementar la actividad de Comercio y hosteler\u00eda. No hay ninguna vida en esta plaza y lo mismo va a pasar con la avenida, la vais a matar, por no ver, lo que todo el mundo ve. La plaza la mataron y el \u00fanico d\u00eda de vida es el mercadillo, que la gente pidi\u00f3 volviera para darle un poquito de uso, porque da pena Juan.<\/li>\n<\/ul>\n\n\n\n<ul class=\"wp-block-list\">\n<li>Y todo esto es muy doloroso por venir de cuatro animales pol\u00edticos asistidos por un secretario, que se fu\u00e9 a la hora de ruegos y preguntas, le importa una M lo que opinen los ciudadanos, \u00e9l es de otro sitio y no va a sufrir las consecuencias, pero \u00e9l es el cemento para fraguar los atropellos y muerte de Lozoyuela.<\/li>\n<\/ul>\n\n\n\n<ul class=\"wp-block-list\">\n<li>No perdamos la esperanza, como presidente de esta Asociaci\u00f3n, informo que estamos trabajando en un plan de movilidad, que S\u00cd se basa en la experiencia y el conocimiento del entorno y en un estudio de los efectos calle por calle, donde participar\u00e1 todo el pueblo y presentaremos como modelo de todos y donde deberemos exigir responsabilidades en el caso de no ser aceptado, pues hay asuntos urgentes y de riesgo que resolver.<\/li>\n<\/ul>\n\n\n\n<ul class=\"wp-block-list\">\n<li>El martes pr\u00f3ximo habr\u00e1 otra reuni\u00f3n del alcalde con los comerciantes, aunque visto lo visto ya en el pleno, les van a vender la misma moto, con lo cual la \u00fanica alternativa va a ser desenmascarar el que se pod\u00eda haber echado atr\u00e1s esto y ver cu\u00e1les son esos compromisos adquiridos que no nos dicen, sean comisiones, favores o chiringuitos que impiden paralizar el proyecto y as\u00ed no aceptar la peatonalizaci\u00f3n, ponerles un lazo y devolv\u00e9rselo aunque sea con intereses, que vean que Lozoyuela defendemos la democracia y no caben dictaduras.<\/li>\n<\/ul>\n\n\n\n<ul class=\"wp-block-list\">\n<li>sr. fel\u00edx vicente, \u00bfno le duele ver a sus vecinos sufrir? y les pongo en min\u00fasculas porque les veo peque\u00f1itos se\u00f1ores pol\u00edticos para un pueblo grande que ha visto ya el momento y no se dejar\u00e1 aplastar por gente mediocre y que no tiene sentir alguno por los problemas del ciudadano.<\/li>\n<\/ul>\n\n\n\n<ul class=\"wp-block-list\">\n<li>Con lo f\u00e1cil que es, como dijo una se\u00f1ora a mi lado \u201cescuchen al Pueblo\u2026 no compren la barredora, hagan las obras con ese dinero y as\u00ed no tienen que dar explicaciones ni a la Comunidad de Madrid ni a Europa\u201d.<\/li>\n<\/ul>\n\n\n\n<ul class=\"wp-block-list\">\n<li>Un saludo a todos y \u00e1nimo, la Asociaci\u00f3n va a dejarse la piel ante esta injusticia y todas en las que estamos trabajando, y pedimos en este momento colaboraci\u00f3n activa y ayuda de todos. Tengamos f\u00e9 en que a alguien le duela lo que est\u00e1 pasando, se revierta, y esto solo sea una mala pesadilla.<\/li>\n<\/ul>\n\n\n\n<ul class=\"wp-block-list\">\n<li>Jose, Fran, Henrieta, Juan, Eva, \u2026 lo de ayer fue un pueblo pidiendo ser escuchado, que ya no permitir\u00e1 el oscurantismo y secretismo de unos cuantos y que tan fatales consecuencias nos ha tra\u00eddo, y vosotros sois personas \u2026 los pol\u00edticos ya sabemos lo que son y a lo que vienen.<\/li>\n<\/ul>\n\n\n\n<ul class=\"wp-block-list\">\n<li>Decimos:<ul><li>Obras si<\/li><\/ul><ul><li>Aparcamientos si<\/li><\/ul><ul><li>Peatones preferentes si<\/li><\/ul><ul><li>Circulaci\u00f3n secundaria a 10 Km\/h si<\/li><\/ul><ul><li>Bus si<\/li><\/ul><ul><li>Alternativa L30 para Las Navas y salida norte sur a A1 si<\/li><\/ul><ul><li>Comercio si<\/li><\/ul><ul><li>Ayuntamiento abierto, transparente si<\/li><\/ul><ul><li>Ciudadanos<\/li><\/ul><ul><li>Calles secundarias de paseo tranquilo, como antes<\/li><\/ul><ul><li>Convivencia<\/li><\/ul><ul><li>Salud<\/li><\/ul><ul><li>Seguridad<\/li><\/ul><ul><li>Prosperidad<\/li><\/ul><ul><li>C\u00e1maras No<\/li><\/ul><ul><li>Minib\u00fas de traslado de usuarios bus a rotondas no<\/li><\/ul><ul><li>Barredora no<\/li><\/ul>\n<ul class=\"wp-block-list\">\n<li>Pesados no<\/li>\n<\/ul>\n<\/li>\n<\/ul>\n\n\n\n<p>  La Asociaci\u00f3n de Vecinos y Propietarios ve bien las obras, pero no quiere ciertas cosas que son cantos de sirena. Nos alineamos con los vecinos y estaremos apoyando y colaborando en lo que se pueda al ayuntamiento, pero sin dejar de reivindicar las necesidades y prioridades ciudadanas .<\/p>\n\n\n\n<p>Saludos cordiales<\/p>\n","protected":false},"excerpt":{"rendered":"<p>CARTA ABIERTA de PEDRO MORENO Presidente de la Asociaci\u00f3n de Vecinos y Propietarios de Lozoyuela-Navas-Sieteiglesias. La Asociaci\u00f3n de Vecinos y Propietarios ve bien las obras, pero no quiere ciertas cosas que son cantos de&#46;&#46;&#46;<\/p>\n","protected":false},"author":1,"featured_media":1526,"comment_status":"open","ping_status":"closed","sticky":false,"template":"","format":"standard","meta":{"_seopress_robots_primary_cat":"none","_seopress_titles_title":"","_seopress_titles_desc":"","_seopress_robots_index":"","footnotes":""},"categories":[79],"tags":[],"class_list":["post-1519","post","type-post","status-publish","format-standard","has-post-thumbnail","hentry","category-avenida"],"_links":{"self":[{"href":"https:\/\/vecinosypropietarios.org\/index.php?rest_route=\/wp\/v2\/posts\/1519","targetHints":{"allow":["GET"]}}],"collection":[{"href":"https:\/\/vecinosypropietarios.org\/index.php?rest_route=\/wp\/v2\/posts"}],"about":[{"href":"https:\/\/vecinosypropietarios.org\/index.php?rest_route=\/wp\/v2\/types\/post"}],"author":[{"embeddable":true,"href":"https:\/\/vecinosypropietarios.org\/index.php?rest_route=\/wp\/v2\/users\/1"}],"replies":[{"embeddable":true,"href":"https:\/\/vecinosypropietarios.org\/index.php?rest_route=%2Fwp%2Fv2%2Fcomments&post=1519"}],"version-history":[{"count":4,"href":"https:\/\/vecinosypropietarios.org\/index.php?rest_route=\/wp\/v2\/posts\/1519\/revisions"}],"predecessor-version":[{"id":1536,"href":"https:\/\/vecinosypropietarios.org\/index.php?rest_route=\/wp\/v2\/posts\/1519\/revisions\/1536"}],"wp:featuredmedia":[{"embeddable":true,"href":"https:\/\/vecinosypropietarios.org\/index.php?rest_route=\/wp\/v2\/media\/1526"}],"wp:attachment":[{"href":"https:\/\/vecinosypropietarios.org\/index.php?rest_route=%2Fwp%2Fv2%2Fmedia&parent=1519"}],"wp:term":[{"taxonomy":"category","embeddable":true,"href":"https:\/\/vecinosypropietarios.org\/index.php?rest_route=%2Fwp%2Fv2%2Fcategories&post=1519"},{"taxonomy":"post_tag","embeddable":true,"href":"https:\/\/vecinosypropietarios.org\/index.php?rest_route=%2Fwp%2Fv2%2Ftags&post=1519"}],"curies":[{"name":"wp","href":"https:\/\/api.w.org\/{rel}","templated":true}]}}