{"id":1565,"date":"2024-03-28T10:51:51","date_gmt":"2024-03-28T09:51:51","guid":{"rendered":"https:\/\/vecinosypropietarios.org\/?p=1565"},"modified":"2024-03-28T11:42:20","modified_gmt":"2024-03-28T10:42:20","slug":"ceder-solares-para-parking-no-sin-antes","status":"publish","type":"post","link":"https:\/\/vecinosypropietarios.org\/?p=1565","title":{"rendered":"CEDER SOLARES para PARKING no SIN ANTES\u2026."},"content":{"rendered":"\n<figure class=\"wp-block-gallery has-nested-images columns-default is-cropped wp-block-gallery-1 is-layout-flex wp-block-gallery-is-layout-flex\">\n<figure class=\"wp-block-image size-large\"><img loading=\"lazy\" decoding=\"async\" width=\"1024\" height=\"765\" data-id=\"1569\" src=\"https:\/\/vecinosypropietarios.org\/wp-content\/uploads\/2024\/03\/Imagen-de-WhatsApp-2024-03-01-a-las-11.44.59_17ddb893-1-1024x765.jpg\" alt=\"\" class=\"wp-image-1569\" srcset=\"https:\/\/vecinosypropietarios.org\/wp-content\/uploads\/2024\/03\/Imagen-de-WhatsApp-2024-03-01-a-las-11.44.59_17ddb893-1-1024x765.jpg 1024w, https:\/\/vecinosypropietarios.org\/wp-content\/uploads\/2024\/03\/Imagen-de-WhatsApp-2024-03-01-a-las-11.44.59_17ddb893-1-300x224.jpg 300w, https:\/\/vecinosypropietarios.org\/wp-content\/uploads\/2024\/03\/Imagen-de-WhatsApp-2024-03-01-a-las-11.44.59_17ddb893-1-768x574.jpg 768w, https:\/\/vecinosypropietarios.org\/wp-content\/uploads\/2024\/03\/Imagen-de-WhatsApp-2024-03-01-a-las-11.44.59_17ddb893-1-1536x1148.jpg 1536w, https:\/\/vecinosypropietarios.org\/wp-content\/uploads\/2024\/03\/Imagen-de-WhatsApp-2024-03-01-a-las-11.44.59_17ddb893-1.jpg 1600w\" sizes=\"auto, (max-width: 1024px) 100vw, 1024px\" \/><\/figure>\n\n\n\n<figure class=\"wp-block-image size-large\"><img loading=\"lazy\" decoding=\"async\" width=\"1024\" height=\"765\" data-id=\"1568\" src=\"https:\/\/vecinosypropietarios.org\/wp-content\/uploads\/2024\/03\/Imagen-de-WhatsApp-2024-03-01-a-las-11.45.00_c37f9e87-1-1024x765.jpg\" alt=\"\" class=\"wp-image-1568\" srcset=\"https:\/\/vecinosypropietarios.org\/wp-content\/uploads\/2024\/03\/Imagen-de-WhatsApp-2024-03-01-a-las-11.45.00_c37f9e87-1-1024x765.jpg 1024w, https:\/\/vecinosypropietarios.org\/wp-content\/uploads\/2024\/03\/Imagen-de-WhatsApp-2024-03-01-a-las-11.45.00_c37f9e87-1-300x224.jpg 300w, https:\/\/vecinosypropietarios.org\/wp-content\/uploads\/2024\/03\/Imagen-de-WhatsApp-2024-03-01-a-las-11.45.00_c37f9e87-1-768x574.jpg 768w, https:\/\/vecinosypropietarios.org\/wp-content\/uploads\/2024\/03\/Imagen-de-WhatsApp-2024-03-01-a-las-11.45.00_c37f9e87-1-1536x1148.jpg 1536w, https:\/\/vecinosypropietarios.org\/wp-content\/uploads\/2024\/03\/Imagen-de-WhatsApp-2024-03-01-a-las-11.45.00_c37f9e87-1.jpg 1600w\" sizes=\"auto, (max-width: 1024px) 100vw, 1024px\" \/><\/figure>\n<\/figure>\n\n\n\n<p>\u00a0Buenos d\u00edas,<\/p>\n\n\n\n<p>\u00a0 Como ya hemos informado, la reuni\u00f3n del pasado 20 de marzo con alcalde y Tte. alcalde la requerimos de urgencia desde la AVP tras estudiar en profundidad el expediente t\u00e9cnico y el\u00a0administrativo del proyecto de bajada de cota de un tramo de la Avenida y en consecuencia la peatonalizaci\u00f3n y la retirada de la parada del autob\u00fas, y una vez comprobado que no era lo que nos hab\u00edan contado y que nos met\u00edan directamente en la peatonalizaci\u00f3n como objetivo, no como consecuencia, lo que nos hace perder la parada de autob\u00fas, alma del Pueblo.<\/p>\n\n\n\n<p>\u00a0 Con el fin de mejorar el acceso de clientes al entorno comercial y reducir circulaci\u00f3n por callejas de veh\u00edculos a la b\u00fasqueda de aparcamiento, la AVP se ofreci\u00f3 a hablar con los propietarios de solares vac\u00edos en el centro del pueblo para su cesi\u00f3n temporal para aparcamiento, poniendo s\u00f3lo dos requisitos:<\/p>\n\n\n\n<ul class=\"wp-block-list\" type=\"1\">\n<li>1.- Que nos ayudar\u00e1n a \u201ccurar\u201d heridas causadas a estos propietarios por el Ayuntamiento.<\/li>\n<\/ul>\n\n\n\n<ul class=\"wp-block-list\">\n<li>2.- Que se abriese la plaza del Ayuntamiento a veh\u00edculos, resolviendo el problema no solo de aparcamiento, tambi\u00e9n de atasco en Soledad en zona de matadero y sobre todo la inseguridad del \u201c<strong>desfiladero<\/strong>\u201d que ya ha causado sustos, atropellos y da\u00f1os.<\/li>\n<\/ul>\n\n\n\n<p class=\"has-cyan-bluish-gray-background-color has-background has-medium-font-size\">\u00a0\u00a0Esto se ha estropeado y <strong>NO HABR\u00c1 CESI\u00d3N DE SOLARES<\/strong> para aparcamiento, por incumplirse estos dos \u00fanicos requisitos por el Ayuntamiento y aqui las pruebas:<\/p>\n\n\n\n<ul class=\"wp-block-list\" type=\"1\">\n<li>1.- En la reuni\u00f3n de los Comerciantes con el Ayuntamiento, la intervenci\u00f3n del Secretario y la anuencia de ediles, reabri\u00f3 heridas, que deber\u00edan haber ayudado a cerrar, causadas precisamente desde el Ayuntamiento, y esto ocurri\u00f3 delante de tres propietarios que ya se hab\u00edan mostrado a favor de ceder sus solares para aparcamiento. Estos zanjaron el asunto a la salida con \u201csiguen los mismos mimbres, no cedo nada\u201d.<\/li>\n<\/ul>\n\n\n\n<blockquote class=\"wp-block-quote is-layout-flow wp-block-quote-is-layout-flow\">\n<p>La AVP sigue animando a los propietarios a ceder solares para aparcamiento al ser un bien para el Pueblo, pero entiende su rechazo venido de los incumplimientos actuales y pasados, que no se arreglan, desde el Ayuntamiento.<\/p>\n<\/blockquote>\n\n\n\n<ul class=\"wp-block-list\">\n<li>2.- <strong>No piensan abrir la Plaza del Ayuntamiento<\/strong> que es clave para resolver la mayor\u00eda de los problemas que se sufren en Lozoyuela, que fue una mala decisi\u00f3n basada en el \u201cgusto\u201d y no en la seguridad, operatividad y necesidad y por tanto no es de equidad que los propietarios si deban ceder sus solares.<\/li>\n<\/ul>\n\n\n\n<p>  Primero deben resolverse los problemas causados por la decisi\u00f3n equivocada y perjudicial de cerrar la Plaza del Ayuntamiento, excepto a empleados y colaboradores del Ayuntamiento, esos si, decisi\u00f3n que ha tra\u00eddo la suma de todos los problemas de movilidad actuales.<\/p>\n\n\n\n<figure class=\"wp-block-image size-large is-resized\"><img loading=\"lazy\" decoding=\"async\" width=\"1024\" height=\"765\" src=\"https:\/\/vecinosypropietarios.org\/wp-content\/uploads\/2024\/03\/Imagen-de-WhatsApp-2024-03-01-a-las-11.45.00_7bbed778-2-1024x765.jpg\" alt=\"\" class=\"wp-image-1576\" style=\"aspect-ratio:1.3385620915032679;width:535px;height:auto\" srcset=\"https:\/\/vecinosypropietarios.org\/wp-content\/uploads\/2024\/03\/Imagen-de-WhatsApp-2024-03-01-a-las-11.45.00_7bbed778-2-1024x765.jpg 1024w, https:\/\/vecinosypropietarios.org\/wp-content\/uploads\/2024\/03\/Imagen-de-WhatsApp-2024-03-01-a-las-11.45.00_7bbed778-2-300x224.jpg 300w, https:\/\/vecinosypropietarios.org\/wp-content\/uploads\/2024\/03\/Imagen-de-WhatsApp-2024-03-01-a-las-11.45.00_7bbed778-2-768x574.jpg 768w, https:\/\/vecinosypropietarios.org\/wp-content\/uploads\/2024\/03\/Imagen-de-WhatsApp-2024-03-01-a-las-11.45.00_7bbed778-2-1536x1148.jpg 1536w, https:\/\/vecinosypropietarios.org\/wp-content\/uploads\/2024\/03\/Imagen-de-WhatsApp-2024-03-01-a-las-11.45.00_7bbed778-2.jpg 1600w\" sizes=\"auto, (max-width: 1024px) 100vw, 1024px\" \/><\/figure>\n\n\n\n<p>\u00a1Si lo vieran nuestros antepasados, pura l\u00f3gica, dir\u00edan que si estamos tontos, que como se nos ocurre  pasar el tr\u00e1fico de unas calles de 7 y 8 metros en la Plaza a un desfiladero de 2,6 m.!. Nosotros recibimos la respuesta de que abrir al tr\u00e1fico la Plaza \u00ab<strong>ser\u00eda un paso atr\u00e1s<\/strong>\u00ab, no sabemos para que, a no ser que se quiera peatonalizar todo el casco central y que los coches aparquen a 400 m de comercios y bares y con ello el final de muchas actividades.<\/p>\n\n\n\n<figure class=\"wp-block-image size-large is-resized\"><img loading=\"lazy\" decoding=\"async\" width=\"940\" height=\"1024\" src=\"https:\/\/vecinosypropietarios.org\/wp-content\/uploads\/2024\/03\/IMG_20240326_100954_11-940x1024.jpg\" alt=\"\" class=\"wp-image-1578\" style=\"aspect-ratio:0.91796875;width:539px;height:auto\" srcset=\"https:\/\/vecinosypropietarios.org\/wp-content\/uploads\/2024\/03\/IMG_20240326_100954_11-940x1024.jpg 940w, https:\/\/vecinosypropietarios.org\/wp-content\/uploads\/2024\/03\/IMG_20240326_100954_11-275x300.jpg 275w, https:\/\/vecinosypropietarios.org\/wp-content\/uploads\/2024\/03\/IMG_20240326_100954_11-768x837.jpg 768w, https:\/\/vecinosypropietarios.org\/wp-content\/uploads\/2024\/03\/IMG_20240326_100954_11.jpg 1378w\" sizes=\"auto, (max-width: 940px) 100vw, 940px\" \/><\/figure>\n\n\n\n<p>  Resaltamos que hacen o\u00eddos sordos a las 41 firmas de los Industriales del Pueblo (m\u00e1s del 90% de ellos), que en otro pueblo si tendria peso, aqui parece que no y se nos dice que \u00ab<strong>hay que contar con los ciudadanos no solo con los comerciantes<\/strong>\u00bb a lo que la AVP respondi\u00f3 que no han dado ejemplo, ni han preguntado antes (Se les ha pedido que hicieran consulta p\u00fablica y la han negado), ni expuesto a los ciudadanos esta acci\u00f3n decisiva, por eso y para que no haya dudas se est\u00e1n recogiendo firmas de CIUDADANOS (no s\u00f3lo empadronados, tambi\u00e9n propietarios, etc.) que les haremos llegar.<\/p>\n\n\n\n<p><\/p>\n\n\n\n<p>\u00a0\u00a0Con tristeza y enojo, vemos como, <strong><u>otra soluci\u00f3n que el Pueblo consegu\u00eda<\/u><\/strong>, no el Ayuntamiento que caus\u00f3 el problema, ha sido malograda por los de siempre. \u00bfHasta cu\u00e1ndo?.<\/p>\n\n\n\n<p><\/p>\n\n\n\n<p>Saludos cordiales<\/p>\n\n\n\n<p>AVP<\/p>\n","protected":false},"excerpt":{"rendered":"<p>\u00a0Buenos d\u00edas, \u00a0 Como ya hemos informado, la reuni\u00f3n del pasado 20 de marzo con alcalde y Tte. alcalde la requerimos de urgencia desde la AVP tras estudiar en profundidad el expediente t\u00e9cnico y&#46;&#46;&#46;<\/p>\n","protected":false},"author":1,"featured_media":1527,"comment_status":"open","ping_status":"closed","sticky":false,"template":"","format":"standard","meta":{"_seopress_robots_primary_cat":"none","_seopress_titles_title":"","_seopress_titles_desc":"","_seopress_robots_index":"","footnotes":""},"categories":[79,62,78],"tags":[],"class_list":["post-1565","post","type-post","status-publish","format-standard","has-post-thumbnail","hentry","category-avenida","category-ayuntamiento","category-movilidad"],"_links":{"self":[{"href":"https:\/\/vecinosypropietarios.org\/index.php?rest_route=\/wp\/v2\/posts\/1565","targetHints":{"allow":["GET"]}}],"collection":[{"href":"https:\/\/vecinosypropietarios.org\/index.php?rest_route=\/wp\/v2\/posts"}],"about":[{"href":"https:\/\/vecinosypropietarios.org\/index.php?rest_route=\/wp\/v2\/types\/post"}],"author":[{"embeddable":true,"href":"https:\/\/vecinosypropietarios.org\/index.php?rest_route=\/wp\/v2\/users\/1"}],"replies":[{"embeddable":true,"href":"https:\/\/vecinosypropietarios.org\/index.php?rest_route=%2Fwp%2Fv2%2Fcomments&post=1565"}],"version-history":[{"count":7,"href":"https:\/\/vecinosypropietarios.org\/index.php?rest_route=\/wp\/v2\/posts\/1565\/revisions"}],"predecessor-version":[{"id":1583,"href":"https:\/\/vecinosypropietarios.org\/index.php?rest_route=\/wp\/v2\/posts\/1565\/revisions\/1583"}],"wp:featuredmedia":[{"embeddable":true,"href":"https:\/\/vecinosypropietarios.org\/index.php?rest_route=\/wp\/v2\/media\/1527"}],"wp:attachment":[{"href":"https:\/\/vecinosypropietarios.org\/index.php?rest_route=%2Fwp%2Fv2%2Fmedia&parent=1565"}],"wp:term":[{"taxonomy":"category","embeddable":true,"href":"https:\/\/vecinosypropietarios.org\/index.php?rest_route=%2Fwp%2Fv2%2Fcategories&post=1565"},{"taxonomy":"post_tag","embeddable":true,"href":"https:\/\/vecinosypropietarios.org\/index.php?rest_route=%2Fwp%2Fv2%2Ftags&post=1565"}],"curies":[{"name":"wp","href":"https:\/\/api.w.org\/{rel}","templated":true}]}}