{"id":1584,"date":"2024-04-01T17:55:54","date_gmt":"2024-04-01T16:55:54","guid":{"rendered":"https:\/\/vecinosypropietarios.org\/?p=1584"},"modified":"2024-04-02T13:02:33","modified_gmt":"2024-04-02T12:02:33","slug":"si-no-escuchan-ni-razonan-habra-movilizacion","status":"publish","type":"post","link":"https:\/\/vecinosypropietarios.org\/?p=1584","title":{"rendered":"Si no escuchan ni razonan, habr\u00e1 movilizaciones"},"content":{"rendered":"\n<figure class=\"wp-block-gallery has-nested-images columns-default is-cropped wp-block-gallery-1 is-layout-flex wp-block-gallery-is-layout-flex\">\n<figure class=\"wp-block-image size-large\"><img loading=\"lazy\" decoding=\"async\" width=\"1024\" height=\"768\" data-id=\"1603\" src=\"https:\/\/vecinosypropietarios.org\/wp-content\/uploads\/2024\/04\/Concentracion_IMG_20240331_141226_Bus_apoya_Norte-1024x768.jpg\" alt=\"\" class=\"wp-image-1603\" srcset=\"https:\/\/vecinosypropietarios.org\/wp-content\/uploads\/2024\/04\/Concentracion_IMG_20240331_141226_Bus_apoya_Norte-1024x768.jpg 1024w, https:\/\/vecinosypropietarios.org\/wp-content\/uploads\/2024\/04\/Concentracion_IMG_20240331_141226_Bus_apoya_Norte-300x225.jpg 300w, https:\/\/vecinosypropietarios.org\/wp-content\/uploads\/2024\/04\/Concentracion_IMG_20240331_141226_Bus_apoya_Norte-768x576.jpg 768w, https:\/\/vecinosypropietarios.org\/wp-content\/uploads\/2024\/04\/Concentracion_IMG_20240331_141226_Bus_apoya_Norte-1536x1152.jpg 1536w, https:\/\/vecinosypropietarios.org\/wp-content\/uploads\/2024\/04\/Concentracion_IMG_20240331_141226_Bus_apoya_Norte-2048x1536.jpg 2048w\" sizes=\"auto, (max-width: 1024px) 100vw, 1024px\" \/><\/figure>\n\n\n\n<figure class=\"wp-block-image size-large\"><img loading=\"lazy\" decoding=\"async\" width=\"1024\" height=\"478\" data-id=\"1602\" src=\"https:\/\/vecinosypropietarios.org\/wp-content\/uploads\/2024\/04\/Concentracion_IMG-20240331-WA0018_Como_llueve_off-1024x478.jpg\" alt=\"\" class=\"wp-image-1602\" srcset=\"https:\/\/vecinosypropietarios.org\/wp-content\/uploads\/2024\/04\/Concentracion_IMG-20240331-WA0018_Como_llueve_off-1024x478.jpg 1024w, https:\/\/vecinosypropietarios.org\/wp-content\/uploads\/2024\/04\/Concentracion_IMG-20240331-WA0018_Como_llueve_off-300x140.jpg 300w, https:\/\/vecinosypropietarios.org\/wp-content\/uploads\/2024\/04\/Concentracion_IMG-20240331-WA0018_Como_llueve_off-768x359.jpg 768w, https:\/\/vecinosypropietarios.org\/wp-content\/uploads\/2024\/04\/Concentracion_IMG-20240331-WA0018_Como_llueve_off-1536x717.jpg 1536w, https:\/\/vecinosypropietarios.org\/wp-content\/uploads\/2024\/04\/Concentracion_IMG-20240331-WA0018_Como_llueve_off.jpg 1600w\" sizes=\"auto, (max-width: 1024px) 100vw, 1024px\" \/><\/figure>\n<\/figure>\n\n\n\n<p>Nuevos d\u00edas,<\/p>\n\n\n\n<p><strong><u>El s\u00e1bado Lozoyuela y vecinos<\/u><\/strong> salimos en Telemadrid ( <a rel=\"noreferrer noopener\" href=\"https:\/\/www.telemadrid.es\/_9e533992\" target=\"_blank\"><strong><em>Telediario de mediod\u00eda del S\u00e1bado<\/em><\/strong><\/a> ) mostrando la oposici\u00f3n de una gran parte del Pueblo <strong><u>y el domingo celebramos concentraci\u00f3n<\/u><\/strong> ( <strong><em><a rel=\"noreferrer noopener\" href=\"https:\/\/www.vecinosypropietarios.org\/.AvdaDocAyto\/Telemadrid_concentracion_telediario_domingo_31_tarde.mp4\" target=\"_blank\">Telediario de tarde del Domingo<\/a> <\/em><\/strong>)\u00a0 contra la Peatonalizaci\u00f3n de la Avenida de Madrid y la p\u00e9rdida de la parada del bus en el centro. Dia de lluvia y fr\u00edo que no impidi\u00f3 el acto, ruidoso, espont\u00e1neo y c\u00edvico, con hasta 150 asistentes, muchos socios de AVP, y que cont\u00f3 con el apoyo decidido de todos los veh\u00edculos que pasaban, en especial los autobuses, que hicieron sonar sus bocinas apoyando a los vecinos concentrados.<\/p>\n\n\n\n<p><strong><u>En un Pueblo \u201cdesacostumbrado\u201d a manifestar su opini\u00f3n en p\u00fablico<\/u><\/strong>, el evento super\u00f3 expectativas, contra viento, lluvia, hora de comer, cambio de hora nocturno y puente de Semana Santa y deja un episodio importante en los anales hist\u00f3ricos del pueblo, emitiendo un mensaje potente al alcalde y concejales, que tuvieron que irse por las callejas \u201ctraseras\u201d para disfrutarlas, suponemos, antes de que se llenen de veh\u00edculos, humos y m\u00e1s peligro. Mientras, en las aceras de la Avenida, <strong><u>que para eso est\u00e1n<\/u><\/strong> y como \u201cbuenos peatones\u201d, est\u00e1bamos los manifestantes.<\/p>\n\n\n\n<p><strong><u>Este Alcalde, Tte. alcalde y, no olvidemos, los t\u00e9cnicos<\/u><\/strong>, confirmaron el pasado d\u00eda 20, en reuni\u00f3n de AVP con ellos (El di\u00e1logo lo hemos intentado), y el domingo lo ratificaron, \u201c<strong>no quieren resolver el problema<\/strong> que nos han tra\u00eddo\u201d, <strong>que ya ha causado el cierre de un comercio<\/strong>, a pesar de hab\u00e9rselo vaticinado. No tienen NING\u00daN argumento que mostrar y tratan de encubrirlo con dos frases pat\u00e9ticas y huecas vendi\u00e9ndonos, que no compramos, dos hipot\u00e9ticas \u201cbondades\u201d, \u201cdinamizar el comercio y la vida social\u201d, cuando sabemos que ocurrir\u00e1 lo contrario, como <strong>masivamente<\/strong> hemos mostrado, demostrado y motivado los vecinos, que, SI VIVIMOS el Pueblo, <strong>ellos lo abandonan a las 15h todos los d\u00edas y desaparecen los fines de semana.<\/strong><\/p>\n\n\n\n<p><strong><u>El \u00e9xito de la concentraci\u00f3n<\/u><\/strong> se debe, en gran parte, como as\u00ed expresaban los asistentes, al saberse que nos hab\u00edan mentido desde el Ayuntamiento  ( <em><strong><a rel=\"noreferrer noopener\" href=\"https:\/\/vecinosypropietarios.org\/?p=1558\" target=\"_blank\">Art\u00edculo Senda Norte<\/a> <\/strong><\/em>), como descubri\u00f3 y demostr\u00f3 la AVP al estudiar en profundidad el expediente del asunto y descubrir, sin ninguna duda, que nos hab\u00edan llevado a la peatonalizaci\u00f3n intencionadamente y con ello a la p\u00e9rdida de la parada del autob\u00fas y que el actual alcalde podr\u00eda haber evitado o al menos luchado para evitarlo, pero no era su intenci\u00f3n, por tanto es tan culpable como el anterior que nos puso la soga.<\/p>\n\n\n\n<blockquote class=\"wp-block-quote is-layout-flow wp-block-quote-is-layout-flow\">\n<p class=\"has-text-align-center\"><strong>Solo desde las pruebas claras conseguidas por la AVP se puede elevar la voz y ayer los ciudadanos lo hicieron con firmeza. El Consistorio est\u00e1 cuestionado.<\/strong><\/p>\n<\/blockquote>\n\n\n\n<p>&nbsp;&nbsp;<strong><u>Ahora es historia documentada, dif\u00edcil de borrar<\/u><\/strong>, hace que otros medios de comunicaci\u00f3n est\u00e9n atentos a lo que pasa y tambi\u00e9n la Comunidad de Madrid con quien intentaremos contactar para ponerles al d\u00eda de la realidad del Pueblo y demostrarles el da\u00f1o que le hace la peatonalizaci\u00f3n de la Avenida o arteria y la p\u00e9rdida de la parada de autob\u00fas u ox\u00edgeno.<\/p>\n\n\n\n<p><strong>A continuaci\u00f3n, un \u00e1lbum de videos y fotos de la 1\u00aa concentraci\u00f3n <\/strong>del domingo 31 de Marzo de 2024 a las 13,30h, que todav\u00eda hay tiempo de m\u00e1s acciones.<\/p>\n\n\n\n<figure class=\"wp-block-video\"><video height=\"480\" style=\"aspect-ratio: 848 \/ 480;\" width=\"848\" controls src=\"https:\/\/vecinosypropietarios.org\/wp-content\/uploads\/2024\/04\/Concentracion_VID-20240331-WA0023_Miguel_Oficial_1.mp4\"><\/video><\/figure>\n\n\n\n<figure class=\"wp-block-gallery has-nested-images columns-default is-cropped wp-block-gallery-2 is-layout-flex wp-block-gallery-is-layout-flex\">\n<figure class=\"wp-block-image size-large\"><img loading=\"lazy\" decoding=\"async\" width=\"1024\" height=\"768\" data-id=\"1606\" src=\"https:\/\/vecinosypropietarios.org\/wp-content\/uploads\/2024\/04\/Concentracion_IMG_20240331_135246-1024x768.jpg\" alt=\"\" class=\"wp-image-1606\" srcset=\"https:\/\/vecinosypropietarios.org\/wp-content\/uploads\/2024\/04\/Concentracion_IMG_20240331_135246-1024x768.jpg 1024w, https:\/\/vecinosypropietarios.org\/wp-content\/uploads\/2024\/04\/Concentracion_IMG_20240331_135246-300x225.jpg 300w, https:\/\/vecinosypropietarios.org\/wp-content\/uploads\/2024\/04\/Concentracion_IMG_20240331_135246-768x576.jpg 768w, https:\/\/vecinosypropietarios.org\/wp-content\/uploads\/2024\/04\/Concentracion_IMG_20240331_135246-1536x1152.jpg 1536w, https:\/\/vecinosypropietarios.org\/wp-content\/uploads\/2024\/04\/Concentracion_IMG_20240331_135246-2048x1536.jpg 2048w\" sizes=\"auto, (max-width: 1024px) 100vw, 1024px\" \/><\/figure>\n\n\n\n<figure class=\"wp-block-image size-large\"><img loading=\"lazy\" decoding=\"async\" width=\"1024\" height=\"768\" data-id=\"1605\" src=\"https:\/\/vecinosypropietarios.org\/wp-content\/uploads\/2024\/04\/Concentracion_IMG_20240331_135343-1024x768.jpg\" alt=\"\" class=\"wp-image-1605\" srcset=\"https:\/\/vecinosypropietarios.org\/wp-content\/uploads\/2024\/04\/Concentracion_IMG_20240331_135343-1024x768.jpg 1024w, https:\/\/vecinosypropietarios.org\/wp-content\/uploads\/2024\/04\/Concentracion_IMG_20240331_135343-300x225.jpg 300w, https:\/\/vecinosypropietarios.org\/wp-content\/uploads\/2024\/04\/Concentracion_IMG_20240331_135343-768x576.jpg 768w, https:\/\/vecinosypropietarios.org\/wp-content\/uploads\/2024\/04\/Concentracion_IMG_20240331_135343-1536x1152.jpg 1536w, https:\/\/vecinosypropietarios.org\/wp-content\/uploads\/2024\/04\/Concentracion_IMG_20240331_135343-2048x1536.jpg 2048w\" sizes=\"auto, (max-width: 1024px) 100vw, 1024px\" \/><\/figure>\n<\/figure>\n\n\n\n<p><strong>Tambi\u00e9n se ha logrado aumentar la participaci\u00f3n activa<\/strong> de socios poniendo en marcha m\u00e1s acciones por la AVP, como la concentraci\u00f3n, asunto piscina, basuras, hospital, M913, Normas urban\u00edsticas, Cat\u00e1logo de Bienes, Plan de Movilidad, etc., etc..&nbsp; Hay mucho que resolver y cuanto m\u00e1s participaci\u00f3n activa y grupos de trabajo se logren, m\u00e1s r\u00e1pido llegar\u00e1n las soluciones. Felicitamos y agradecemos su dedicaci\u00f3n a los vecinos organizadores de la concentraci\u00f3n y al apoyo de todos.<\/p>\n\n\n\n<blockquote class=\"wp-block-quote is-layout-flow wp-block-quote-is-layout-flow\">\n<p class=\"has-text-align-center\"><strong>La uni\u00f3n, con hechos, hacen la fuerza, que trae resultados, pero siempre desde el ejemplo.<\/strong><\/p>\n<\/blockquote>\n\n\n\n<blockquote class=\"wp-block-quote has-text-align-center is-layout-flow wp-block-quote-is-layout-flow\">\n<p>\u00a1<strong>Se busca alcalde, no un pol\u00edtico!, y si los ediles \u00faltimos que han estado no saben cual es la diferencia es que no son alcaldes.<\/strong><\/p>\n<\/blockquote>\n\n\n\n<p>  Nos enorgullecemos de nuestro pueblo porque con el tiempo que hizo, hubo m\u00e1s gente de la supuesta. Ya es hora de ir despertando y no dejarnos ningunear porque algunos se creen con derecho a hacer lo que quieran, sin consultar a nadie, solo porque les han votado.<\/p>\n\n\n\n<p><strong><u>Ahora toca seguir con las acciones<\/u><\/strong> en la Comunidad, Ayuntamiento, medios de comunicaci\u00f3n (enviado a 14 medios y 4 redes sociales), manifestaciones locales, recursos administrativos y contra el proyecto y otra defensa jur\u00eddica COLECTIVA que est\u00e1 en evaluaci\u00f3n y estudio en estos momentos, que cuenta con abundante participaci\u00f3n de comercios y vecinos, proceso del que os iremos informando.<\/p>\n\n\n\n<p>Saludos cordiales<\/p>\n","protected":false},"excerpt":{"rendered":"<p>Nuevos d\u00edas, El s\u00e1bado Lozoyuela y vecinos salimos en Telemadrid ( Telediario de mediod\u00eda del S\u00e1bado ) mostrando la oposici\u00f3n de una gran parte del Pueblo y el domingo celebramos concentraci\u00f3n ( Telediario de&#46;&#46;&#46;<\/p>\n","protected":false},"author":1,"featured_media":1614,"comment_status":"open","ping_status":"closed","sticky":false,"template":"","format":"standard","meta":{"_seopress_robots_primary_cat":"none","_seopress_titles_title":"","_seopress_titles_desc":"","_seopress_robots_index":"","footnotes":""},"categories":[79,78,68],"tags":[],"class_list":["post-1584","post","type-post","status-publish","format-standard","has-post-thumbnail","hentry","category-avenida","category-movilidad","category-participacion"],"_links":{"self":[{"href":"https:\/\/vecinosypropietarios.org\/index.php?rest_route=\/wp\/v2\/posts\/1584","targetHints":{"allow":["GET"]}}],"collection":[{"href":"https:\/\/vecinosypropietarios.org\/index.php?rest_route=\/wp\/v2\/posts"}],"about":[{"href":"https:\/\/vecinosypropietarios.org\/index.php?rest_route=\/wp\/v2\/types\/post"}],"author":[{"embeddable":true,"href":"https:\/\/vecinosypropietarios.org\/index.php?rest_route=\/wp\/v2\/users\/1"}],"replies":[{"embeddable":true,"href":"https:\/\/vecinosypropietarios.org\/index.php?rest_route=%2Fwp%2Fv2%2Fcomments&post=1584"}],"version-history":[{"count":16,"href":"https:\/\/vecinosypropietarios.org\/index.php?rest_route=\/wp\/v2\/posts\/1584\/revisions"}],"predecessor-version":[{"id":1619,"href":"https:\/\/vecinosypropietarios.org\/index.php?rest_route=\/wp\/v2\/posts\/1584\/revisions\/1619"}],"wp:featuredmedia":[{"embeddable":true,"href":"https:\/\/vecinosypropietarios.org\/index.php?rest_route=\/wp\/v2\/media\/1614"}],"wp:attachment":[{"href":"https:\/\/vecinosypropietarios.org\/index.php?rest_route=%2Fwp%2Fv2%2Fmedia&parent=1584"}],"wp:term":[{"taxonomy":"category","embeddable":true,"href":"https:\/\/vecinosypropietarios.org\/index.php?rest_route=%2Fwp%2Fv2%2Fcategories&post=1584"},{"taxonomy":"post_tag","embeddable":true,"href":"https:\/\/vecinosypropietarios.org\/index.php?rest_route=%2Fwp%2Fv2%2Ftags&post=1584"}],"curies":[{"name":"wp","href":"https:\/\/api.w.org\/{rel}","templated":true}]}}