{"id":1647,"date":"2024-04-22T16:18:18","date_gmt":"2024-04-22T15:18:18","guid":{"rendered":"https:\/\/vecinosypropietarios.org\/?p=1647"},"modified":"2024-04-22T16:29:15","modified_gmt":"2024-04-22T15:29:15","slug":"alegacion-a-patrimonio-de-la-comunidad","status":"publish","type":"post","link":"https:\/\/vecinosypropietarios.org\/?p=1647","title":{"rendered":"ALEGACI\u00d3N a PATRIMONIO de la Comunidad"},"content":{"rendered":"\n<figure class=\"wp-block-image size-full is-resized\"><img loading=\"lazy\" decoding=\"async\" width=\"307\" height=\"286\" src=\"https:\/\/vecinosypropietarios.org\/wp-content\/uploads\/2024\/04\/Balcon-pancarta-F.jpg\" alt=\"\" class=\"wp-image-1614\" style=\"aspect-ratio:1.0734265734265733;width:408px;height:auto\" srcset=\"https:\/\/vecinosypropietarios.org\/wp-content\/uploads\/2024\/04\/Balcon-pancarta-F.jpg 307w, https:\/\/vecinosypropietarios.org\/wp-content\/uploads\/2024\/04\/Balcon-pancarta-F-300x279.jpg 300w\" sizes=\"auto, (max-width: 307px) 100vw, 307px\" \/><\/figure>\n\n\n\n<p>\u00a0 Dentro de la l\u00ednea de informaci\u00f3n y requerimiento de parar la obra de la Avenida de Madrid y en consecuencia la peatonalizaci\u00f3n y para que se rehaga el proyecto de obra de esta primera fase al haberse  encontrado fallos que indefectiblemente traer\u00e1n consecuencias y da\u00f1os para las propiedades y variados conflictos, estamos mandando ALEGACIONES a los estamentos involucrados en la misma, empezando por esta primera carta a <strong>Patrimonio de la Comunidad de Madrid<\/strong>, conteniendo enlace al informe realizado por la AVP en colaboraci\u00f3n con un buen n\u00famero de vecinos y afectados a quienes agradecemos su participaci\u00f3n:<\/p>\n\n\n\n<div data-wp-interactive=\"core\/file\" class=\"wp-block-file\"><object data-wp-bind--hidden=\"!state.hasPdfPreview\" hidden class=\"wp-block-file__embed\" data=\"https:\/\/vecinosypropietarios.org\/wp-content\/uploads\/2024\/04\/Carta-Informe_Avda_Madrid_a_Dra._Gral._patrimonio-1.1.pdf\" type=\"application\/pdf\" style=\"width:100%;height:600px\" aria-label=\"Incrustado de Carta-Informe_Avda_Madrid_a_Dra._Gral._patrimonio-1.1.\"><\/object><a id=\"wp-block-file--media-4005dc45-8c78-489f-9441-9453ae59b539\" href=\"https:\/\/vecinosypropietarios.org\/wp-content\/uploads\/2024\/04\/Carta-Informe_Avda_Madrid_a_Dra._Gral._patrimonio-1.1.pdf\">Carta-Informe_Avda_Madrid_a_Dra._Gral._patrimonio-1.1<\/a><a href=\"https:\/\/vecinosypropietarios.org\/wp-content\/uploads\/2024\/04\/Carta-Informe_Avda_Madrid_a_Dra._Gral._patrimonio-1.1.pdf\" class=\"wp-block-file__button wp-element-button\" download aria-describedby=\"wp-block-file--media-4005dc45-8c78-489f-9441-9453ae59b539\">Descarga<\/a><\/div>\n\n\n\n<div data-wp-interactive=\"core\/file\" class=\"wp-block-file\"><object data-wp-bind--hidden=\"!state.hasPdfPreview\" hidden class=\"wp-block-file__embed\" data=\"https:\/\/vecinosypropietarios.org\/wp-content\/uploads\/2024\/04\/Patrimonio-carta-JustificanteSolicitud-off.pdf\" type=\"application\/pdf\" style=\"width:100%;height:600px\" aria-label=\"Incrustado de Patrimonio-carta-JustificanteSolicitud-off.\"><\/object><a id=\"wp-block-file--media-0bff1ca0-abe7-4214-b17f-04eef49b2f26\" href=\"https:\/\/vecinosypropietarios.org\/wp-content\/uploads\/2024\/04\/Patrimonio-carta-JustificanteSolicitud-off.pdf\">Patrimonio-carta-JustificanteSolicitud-off<\/a><a href=\"https:\/\/vecinosypropietarios.org\/wp-content\/uploads\/2024\/04\/Patrimonio-carta-JustificanteSolicitud-off.pdf\" class=\"wp-block-file__button wp-element-button\" download aria-describedby=\"wp-block-file--media-0bff1ca0-abe7-4214-b17f-04eef49b2f26\">Descarga<\/a><\/div>\n\n\n\n<p><\/p>\n\n\n\n<p>&nbsp; Tambien estamos dados de alta en las notificaciones electr\u00f3nicas de la Comunidad para recepci\u00f3n de notificaciones y ahorrar tiempo.<\/p>\n\n\n\n<p>\u00a0 Continuamos los siguientes env\u00edos con la <strong>Consejer\u00eda de Vivienda y rehabilitaci\u00f3n de la Comunidad<\/strong>, promotores de la obra.<\/p>\n\n\n\n<p>&nbsp;Seguimos con la lucha donde creemos que estan las tomas de decision, tambien.<\/p>\n\n\n\n<p>&nbsp;&nbsp; Saludos cordiales<\/p>\n","protected":false},"excerpt":{"rendered":"<p>\u00a0 Dentro de la l\u00ednea de informaci\u00f3n y requerimiento de parar la obra de la Avenida de Madrid y en consecuencia la peatonalizaci\u00f3n y para que se rehaga el proyecto de obra de esta&#46;&#46;&#46;<\/p>\n","protected":false},"author":1,"featured_media":1614,"comment_status":"open","ping_status":"closed","sticky":false,"template":"","format":"standard","meta":{"_seopress_robots_primary_cat":"none","_seopress_titles_title":"","_seopress_titles_desc":"","_seopress_robots_index":"","footnotes":""},"categories":[79,62,67,78],"tags":[],"class_list":["post-1647","post","type-post","status-publish","format-standard","has-post-thumbnail","hentry","category-avenida","category-ayuntamiento","category-comunidad-de-madrid","category-movilidad"],"_links":{"self":[{"href":"https:\/\/vecinosypropietarios.org\/index.php?rest_route=\/wp\/v2\/posts\/1647","targetHints":{"allow":["GET"]}}],"collection":[{"href":"https:\/\/vecinosypropietarios.org\/index.php?rest_route=\/wp\/v2\/posts"}],"about":[{"href":"https:\/\/vecinosypropietarios.org\/index.php?rest_route=\/wp\/v2\/types\/post"}],"author":[{"embeddable":true,"href":"https:\/\/vecinosypropietarios.org\/index.php?rest_route=\/wp\/v2\/users\/1"}],"replies":[{"embeddable":true,"href":"https:\/\/vecinosypropietarios.org\/index.php?rest_route=%2Fwp%2Fv2%2Fcomments&post=1647"}],"version-history":[{"count":5,"href":"https:\/\/vecinosypropietarios.org\/index.php?rest_route=\/wp\/v2\/posts\/1647\/revisions"}],"predecessor-version":[{"id":1659,"href":"https:\/\/vecinosypropietarios.org\/index.php?rest_route=\/wp\/v2\/posts\/1647\/revisions\/1659"}],"wp:featuredmedia":[{"embeddable":true,"href":"https:\/\/vecinosypropietarios.org\/index.php?rest_route=\/wp\/v2\/media\/1614"}],"wp:attachment":[{"href":"https:\/\/vecinosypropietarios.org\/index.php?rest_route=%2Fwp%2Fv2%2Fmedia&parent=1647"}],"wp:term":[{"taxonomy":"category","embeddable":true,"href":"https:\/\/vecinosypropietarios.org\/index.php?rest_route=%2Fwp%2Fv2%2Fcategories&post=1647"},{"taxonomy":"post_tag","embeddable":true,"href":"https:\/\/vecinosypropietarios.org\/index.php?rest_route=%2Fwp%2Fv2%2Ftags&post=1647"}],"curies":[{"name":"wp","href":"https:\/\/api.w.org\/{rel}","templated":true}]}}