{"id":1676,"date":"2024-05-07T12:22:13","date_gmt":"2024-05-07T11:22:13","guid":{"rendered":"https:\/\/vecinosypropietarios.org\/?p=1676"},"modified":"2024-05-07T12:22:17","modified_gmt":"2024-05-07T11:22:17","slug":"alegacion-a-vivienda-y-rehabilitacion-de-la-comunidad","status":"publish","type":"post","link":"https:\/\/vecinosypropietarios.org\/?p=1676","title":{"rendered":"ALEGACI\u00d3N a VIVIENDA y REHABILITACI\u00d3N de la Comunidad"},"content":{"rendered":"\n<p><\/p>\n\n\n\n<figure class=\"wp-block-image size-full\"><img loading=\"lazy\" decoding=\"async\" width=\"307\" height=\"286\" src=\"https:\/\/vecinosypropietarios.org\/wp-content\/uploads\/2024\/04\/Balcon-pancarta-F.jpg\" alt=\"\" class=\"wp-image-1614\" srcset=\"https:\/\/vecinosypropietarios.org\/wp-content\/uploads\/2024\/04\/Balcon-pancarta-F.jpg 307w, https:\/\/vecinosypropietarios.org\/wp-content\/uploads\/2024\/04\/Balcon-pancarta-F-300x279.jpg 300w\" sizes=\"auto, (max-width: 307px) 100vw, 307px\" \/><\/figure>\n\n\n\n<p>\u00a0 Dentro de la l\u00ednea de informaci\u00f3n y requerimiento de parar la obra de la Avenida de Madrid y en consecuencia la peatonalizaci\u00f3n y para que se rehaga el proyecto de obra de esta primera fase al haberse encontrado fallos que indefectiblemente traer\u00e1n consecuencias y da\u00f1os para las propiedades y variados conflictos, seguimos mandando ALEGACIONES a los estamentos involucrados en la misma, primero fue a\u00a0<strong>Patrimonio <\/strong>, y ahora a <strong>Vivienda y Rehabilitaci\u00f3n de la Comunidad de Madrid<\/strong>, promotores de la obra, conteniendo enlace al informe realizado por la AVP en colaboraci\u00f3n con un buen n\u00famero de vecinos y afectados a quienes agradecemos su participaci\u00f3n:<\/p>\n\n\n\n<div data-wp-interactive=\"core\/file\" class=\"wp-block-file\"><object data-wp-bind--hidden=\"!state.hasPdfPreview\" hidden class=\"wp-block-file__embed\" data=\"https:\/\/vecinosypropietarios.org\/wp-content\/uploads\/2024\/05\/Dirigido-al-Sra-D-gral-vivienda-V1.2.pdf\" type=\"application\/pdf\" style=\"width:100%;height:600px\" aria-label=\"Incrustado de Dirigido-al-Sra-D-gral-vivienda-V1.2.\"><\/object><a id=\"wp-block-file--media-91f7966c-90db-4a2f-bb90-8b2c5a859abf\" href=\"https:\/\/vecinosypropietarios.org\/wp-content\/uploads\/2024\/05\/Dirigido-al-Sra-D-gral-vivienda-V1.2.pdf\">Dirigido-al-Sra-D-gral-vivienda-V1.2<\/a><a href=\"https:\/\/vecinosypropietarios.org\/wp-content\/uploads\/2024\/05\/Dirigido-al-Sra-D-gral-vivienda-V1.2.pdf\" class=\"wp-block-file__button wp-element-button\" download aria-describedby=\"wp-block-file--media-91f7966c-90db-4a2f-bb90-8b2c5a859abf\">Descarga<\/a><\/div>\n\n\n\n<div data-wp-interactive=\"core\/file\" class=\"wp-block-file\"><object data-wp-bind--hidden=\"!state.hasPdfPreview\" hidden class=\"wp-block-file__embed\" data=\"https:\/\/vecinosypropietarios.org\/wp-content\/uploads\/2024\/05\/Informe-Vivienda-recibo-Justificante-Solicitud.pdf\" type=\"application\/pdf\" style=\"width:100%;height:600px\" aria-label=\"Incrustado de Informe-Vivienda-recibo-Justificante-Solicitud.\"><\/object><a id=\"wp-block-file--media-5811a038-af69-4bf6-9871-241b02144910\" href=\"https:\/\/vecinosypropietarios.org\/wp-content\/uploads\/2024\/05\/Informe-Vivienda-recibo-Justificante-Solicitud.pdf\">Informe-Vivienda-recibo-Justificante-Solicitud<\/a><a href=\"https:\/\/vecinosypropietarios.org\/wp-content\/uploads\/2024\/05\/Informe-Vivienda-recibo-Justificante-Solicitud.pdf\" class=\"wp-block-file__button wp-element-button\" download aria-describedby=\"wp-block-file--media-5811a038-af69-4bf6-9871-241b02144910\">Descarga<\/a><\/div>\n\n\n\n<p><\/p>\n\n\n\n<p>\u00a0 Continuamos los siguientes env\u00edos con la\u00a0<strong>Direcci\u00f3n General de Tr\u00e1fico <\/strong>por su responsabilidad en la gesti\u00f3n del tr\u00e1fico de la <strong>A1<\/strong> y de la <strong>N1A<\/strong> \/ Avda. de Madrid , v\u00eda de emergencia de la <strong>A1<\/strong>.<\/p>\n\n\n\n<p>\u00a0Seguimos con la lucha donde creemos que est\u00e1n las tomas de decisi\u00f3n, tambi\u00e9n.<\/p>\n\n\n\n<p>&nbsp;&nbsp; Saludos cordiales<\/p>\n","protected":false},"excerpt":{"rendered":"<p>\u00a0 Dentro de la l\u00ednea de informaci\u00f3n y requerimiento de parar la obra de la Avenida de Madrid y en consecuencia la peatonalizaci\u00f3n y para que se rehaga el proyecto de obra de esta&#46;&#46;&#46;<\/p>\n","protected":false},"author":1,"featured_media":1614,"comment_status":"open","ping_status":"closed","sticky":false,"template":"","format":"standard","meta":{"_seopress_robots_primary_cat":"none","_seopress_titles_title":"","_seopress_titles_desc":"","_seopress_robots_index":"","footnotes":""},"categories":[79,62,78,68],"tags":[],"class_list":["post-1676","post","type-post","status-publish","format-standard","has-post-thumbnail","hentry","category-avenida","category-ayuntamiento","category-movilidad","category-participacion"],"_links":{"self":[{"href":"https:\/\/vecinosypropietarios.org\/index.php?rest_route=\/wp\/v2\/posts\/1676","targetHints":{"allow":["GET"]}}],"collection":[{"href":"https:\/\/vecinosypropietarios.org\/index.php?rest_route=\/wp\/v2\/posts"}],"about":[{"href":"https:\/\/vecinosypropietarios.org\/index.php?rest_route=\/wp\/v2\/types\/post"}],"author":[{"embeddable":true,"href":"https:\/\/vecinosypropietarios.org\/index.php?rest_route=\/wp\/v2\/users\/1"}],"replies":[{"embeddable":true,"href":"https:\/\/vecinosypropietarios.org\/index.php?rest_route=%2Fwp%2Fv2%2Fcomments&post=1676"}],"version-history":[{"count":1,"href":"https:\/\/vecinosypropietarios.org\/index.php?rest_route=\/wp\/v2\/posts\/1676\/revisions"}],"predecessor-version":[{"id":1681,"href":"https:\/\/vecinosypropietarios.org\/index.php?rest_route=\/wp\/v2\/posts\/1676\/revisions\/1681"}],"wp:featuredmedia":[{"embeddable":true,"href":"https:\/\/vecinosypropietarios.org\/index.php?rest_route=\/wp\/v2\/media\/1614"}],"wp:attachment":[{"href":"https:\/\/vecinosypropietarios.org\/index.php?rest_route=%2Fwp%2Fv2%2Fmedia&parent=1676"}],"wp:term":[{"taxonomy":"category","embeddable":true,"href":"https:\/\/vecinosypropietarios.org\/index.php?rest_route=%2Fwp%2Fv2%2Fcategories&post=1676"},{"taxonomy":"post_tag","embeddable":true,"href":"https:\/\/vecinosypropietarios.org\/index.php?rest_route=%2Fwp%2Fv2%2Ftags&post=1676"}],"curies":[{"name":"wp","href":"https:\/\/api.w.org\/{rel}","templated":true}]}}