{"id":1683,"date":"2024-05-24T09:53:52","date_gmt":"2024-05-24T08:53:52","guid":{"rendered":"https:\/\/vecinosypropietarios.org\/?p=1683"},"modified":"2024-05-24T18:38:18","modified_gmt":"2024-05-24T17:38:18","slug":"rara-virtud-la-de-rectificar","status":"publish","type":"post","link":"https:\/\/vecinosypropietarios.org\/?p=1683","title":{"rendered":"Rara virtud la de rectificar"},"content":{"rendered":"\n<p>\u00a0<\/p>\n\n\n<div class=\"wp-block-image\">\n<figure class=\"aligncenter size-full is-resized\"><img loading=\"lazy\" decoding=\"async\" width=\"1024\" height=\"1024\" src=\"https:\/\/vecinosypropietarios.org\/wp-content\/uploads\/2024\/05\/7683c7d7-0b20-4f18-bdf1-44c32948b83c.jpg\" alt=\"Generado con IA Copilot\" class=\"wp-image-1686\" style=\"aspect-ratio:1;width:397px;height:auto\" srcset=\"https:\/\/vecinosypropietarios.org\/wp-content\/uploads\/2024\/05\/7683c7d7-0b20-4f18-bdf1-44c32948b83c.jpg 1024w, https:\/\/vecinosypropietarios.org\/wp-content\/uploads\/2024\/05\/7683c7d7-0b20-4f18-bdf1-44c32948b83c-300x300.jpg 300w, https:\/\/vecinosypropietarios.org\/wp-content\/uploads\/2024\/05\/7683c7d7-0b20-4f18-bdf1-44c32948b83c-150x150.jpg 150w, https:\/\/vecinosypropietarios.org\/wp-content\/uploads\/2024\/05\/7683c7d7-0b20-4f18-bdf1-44c32948b83c-768x768.jpg 768w, https:\/\/vecinosypropietarios.org\/wp-content\/uploads\/2024\/05\/7683c7d7-0b20-4f18-bdf1-44c32948b83c-80x80.jpg 80w, https:\/\/vecinosypropietarios.org\/wp-content\/uploads\/2024\/05\/7683c7d7-0b20-4f18-bdf1-44c32948b83c-320x320.jpg 320w\" sizes=\"auto, (max-width: 1024px) 100vw, 1024px\" \/><\/figure>\n<\/div>\n\n\n<p>\u00a0\u00a0 <\/p>\n\n\n\n<p>   El Pleno del Ayuntamiento de Lozoyuela-Navas-Sieteiglesias del pasado mi\u00e9rcoles 22 de mayo, por su contenido \u00a0(<a rel=\"noreferrer noopener\" href=\"https:\/\/www.vecinosypropietarios.org\/.AvdaDocAyto\/Pleno%2022%20mayo%2024%20convocatoria.jpg\" target=\"_blank\">orden del d\u00eda)<\/a> y el ambiente existente, se preve\u00eda largo y borrascoso y fue todo lo contrario, corto y como una balsa de aceite, puede que por esto fue el pleno m\u00e1s operativo de los \u00faltimos a\u00f1os. A lo mejor han aprendido a centrarse en los temas y no en las medallas para s\u00ed y sus colores con el resultado de que dejaban los problemas sin resolver, que era, hasta ahora, demasiado habitual en nuestro Ayuntamiento.<\/p>\n\n\n\n<p>Video del Pleno del d\u00eda 22 de Mayo de 2024: <a href=\"https:\/\/www.youtube.com\/watch?v=ZFe-R9oPkf0\">https:\/\/www.youtube.com\/watch?v=ZFe-R9oPkf0<\/a><\/p>\n\n\n\n<p>&nbsp;&nbsp; Los puntos 1 a 4 y 7 del orden del d\u00eda se aprobaron por unanimidad: el acta de la sesi\u00f3n anterior, &nbsp;los festivos, la adhesi\u00f3n a la nueva Mancomunidad (Supra comunidad) donde se integran los servicios de la de Urbanismo y la de Residuos entre otros, se aprob\u00f3 el gasto corriente venido del PIR (Plan de Inversi\u00f3n Regional) y decretos.<\/p>\n\n\n\n<p>\u00a0 A continuaci\u00f3n, llegaron tres puntos importantes que originaron noticias de alcance y causa de este comunicado resumen de este Pleno al que asistieron el Presidente, el Secretario, un Vocal y un buen n\u00famero de socios de esta Asociaci\u00f3n:<\/p>\n\n\n\n<p><\/p>\n\n\n\n<p class=\"has-vivid-cyan-blue-color has-text-color\"><strong>5.- <u>Aprobaci\u00f3n del fin y cierre de la Fase de Avance del Plan General de Ordenacion Urbana (PGOU) (Expte.- 33\/2019).<\/u><\/strong><\/p>\n\n\n\n<p>&nbsp; Esto significa que ahora se inicia el trabajo de elaborar en detalle el PGOU, con todo lo aportado en Sugerencias de los vecinos, trabajos de investigaci\u00f3n del entorno, entrevistas, etc., dentro del \u00e1mbito requerido por la Comunidad de Madrid en los informes preceptivos donde reduce las expectativas presentadas en el documento de avance.<\/p>\n\n\n\n<p>&nbsp; El Ayuntamiento publicar\u00e1 el expediente del Avance, incluidos los informes preceptivos de la Comunidad, los de la Mancomunidad y el informe final recopilatorio y de conclusiones elaborado por la empresa que elabora el PGOU, para que as\u00ed podamos ver con el mayor detalle donde est\u00e1n los limites transmitidos por la Comunidad de Madrid en cumplimiento de leyes y normativa medioambiental y territorial.<\/p>\n\n\n\n<p>\u00a0 El Alcalde declar\u00f3 que mantendr\u00e1 la participaci\u00f3n ciudadana activa, de las asociaciones vecinales, comerciantes, etc., m\u00e1s all\u00e1 de las reuniones oficiales requeridas. Se quiere lograr el PGOU que necesita el Municipio y eso ser\u00e1 posible si se cuenta con la m\u00e1s amplia y activa participaci\u00f3n ciudadana en todo el proceso.<\/p>\n\n\n\n<p><\/p>\n\n\n\n<p class=\"has-vivid-cyan-blue-color has-text-color\"><strong>6.- <u>Aprobaci\u00f3n de la Fase-2 de obra de bajar rasante en la Avda. de Madrid de Lozoyuela.<\/u><\/strong><\/p>\n\n\n\n<p>El Alcalde pidi\u00f3 que se retirase este punto del orden del d\u00eda donde se deber\u00eda aprobar el anteproyecto de ejecuci\u00f3n de la fase-2 de bajar la rasante de la Avda. de Madrid, y lo pidi\u00f3 por las importantes razones siguientes:<\/p>\n\n\n\n<ul class=\"wp-block-list\">\n<li><strong>Hay modificaciones en el proyecto de la Fase-1<\/strong> en las que est\u00e1 trabajando el equipo de la Comunidad de Madrid encargado del Proyecto y debemos esperar a ver qu\u00e9 cambios se producen para ver su alcance y efecto en la Fase-2 y de momento no hay fecha de conclusi\u00f3n de estas propuestas de modificaciones.<\/li>\n<\/ul>\n\n\n\n<p class=\"has-text-align-center\">   Esto nos da m\u00e1s tiempo para poder examinarlo mejor.<\/p>\n\n\n\n<ul class=\"wp-block-list\">\n<li><strong>Hacer las dos fases de obra a la vez para minorar las molestias a los ciudadanos, <\/strong>por ello hemos de esperar al resultado de la modificaci\u00f3n en la Fase-1 que dar\u00e1 paso a poder concluir el dise\u00f1o del proyecto de la Fase-2 y cuando ambos est\u00e9n concluidos iniciar las obras de ambas fases a la vez. No hay fecha prevista, solo que se demorar\u00e1 meses.<\/li>\n<\/ul>\n\n\n\n<p><\/p>\n\n\n\n<p class=\"has-vivid-cyan-blue-color has-text-color\"><strong>7.- <u>Ruegos y preguntas, donde el Alcalde ley\u00f3 las cinco preguntas presentadas por AVP<\/u><\/strong><\/p>\n\n\n\n<p>Antes de relatar las respuestas que el Sr. Alcalde ofreci\u00f3 a las cinco preguntas de AVP, es conveniente refrescar y centrar algunos conceptos, antecedentes y objetivos de la lucha (Est\u00e1n en los balcones) que la AVP mantiene para que se rectifique en el Asunto de peatonalizar la Avenida y la retirada de la parada central del autob\u00fas, todo ello publicado en nuestra web <a href=\"http:\/\/www.vecinosypropietarios.org\">www.vecinosypropietarios.org<\/a> :<\/p>\n\n\n\n<ul class=\"wp-block-list\">\n<li><strong>Obra, peatonalizaci\u00f3n y bus: <\/strong>Asuntos y conceptos revueltos por el anterior consistorio y que nada tienen que ver entre s\u00ed, excepto por la de que usaron la obra para justificar la peatonalizaci\u00f3n y de paso quitar la parada del bus, por ello aclaremos:\n<ul class=\"wp-block-list\">\n<li><strong>Obra de bajar la rasante: <\/strong>Se pide desde hace m\u00e1s de una d\u00e9cada por los problemas que esto causa en muchas de las casas, por humedad, por deterioro, de accesibilidad, de accidentes (balcones a la altura de la frente), etc., que siempre respond\u00eda el Ayuntamiento que cuando llegase alguna ayuda, que lleg\u00f3 siendo alcalde el Sr. Vicente, que ya en la defensa de la propuesta para ganar la ayuda econ\u00f3mica \u201cinsinu\u00f3\u201d la intenci\u00f3n de peatonalizar, solo eso.<\/li>\n\n\n\n<li><strong>Peatonalizaci\u00f3n<\/strong> fue con el anterior alcalde cuando se sumaron, err\u00f3neamente como se ha visto y como el Pueblo ha respondido, la obra de bajar rasante y la peatonalizaci\u00f3n, <strong>conceptos que nacieron y son independientes.<\/strong><\/li>\n\n\n\n<li><strong>Parada central del Bus retirarla<\/strong>, aprovechando que hab\u00edan revuelto obra con peatonalizaci\u00f3n, metieron que la obra fuese plataforma \u00fanica y as\u00ed justificaron retirar la parada del autob\u00fas. Todo ello un sinsentido lejos de las necesidades de los vecinos y de la situaci\u00f3n.<\/li>\n<\/ul>\n<\/li>\n<\/ul>\n\n\n\n<p>Recordemos que no hay necesidad de plataforma \u00fanica, ya que, excepto en 28 metros (desde la entrada a la Plaza del Ayuntamiento hacia el sur), la Avenida cumple y de sobra las medidas requeridas para vial urbano de doble sentido de circulaci\u00f3n y convivencia peatonal con defensas o aceras que cumple a la \u00faltima normativa de accesibilidad y prioridad peatonal.<\/p>\n\n\n\n<p>En resumen:<\/p>\n\n\n\n<ul class=\"wp-block-list\">\n<li>No es necesaria plataforma \u00fanica <\/li>\n\n\n\n<li><span style=\"color: initial;\">Nada impide que el autob\u00fas pueda pasar y parar en el centro <\/span><\/li>\n\n\n\n<li><span style=\"color: initial;\">No es necesario prescindir de las aceras, aunque se baje de rasante. <\/span><\/li>\n\n\n\n<li><span style=\"color: initial;\">No es necesaria la peatonalizaci\u00f3n, s\u00ed el uso mixto (Veh\u00edculos y peatones) con prioridad peatonal.<\/span> <\/li>\n\n\n\n<li>Si es necesaria la bajada de rasante en la avenida, de hecho, es lo \u00fanico necesario, desde hace muchos a\u00f1os.<\/li>\n<\/ul>\n\n\n\n<p class=\"has-vivid-cyan-blue-color has-text-color\">\u00a0<strong>Pasamos a las preguntas de la AVP y las respuestas del Sr. Alcalde:<\/strong><\/p>\n\n\n\n<p>1\u00aa.- <strong>Referida a si se har\u00e1n las correcciones al proyecto de obra de la Fase-1 que denunciadas por la AVP<\/strong>:\u00a0 Ya respondida por el alcalde en el punto-6 y ampli\u00f3 con :<\/p>\n\n\n\n<ul class=\"wp-block-list\">\n<li>El Ayuntamiento remiti\u00f3 a la Comunidad (equipo del proyecto) el informe que proporcion\u00f3 la AVP sobre la obra en su Fase-1 y que vendr\u00e1 el equipo redactor del proyecto a resolver todos los asuntos descubiertos por los vecinos afectados.<\/li>\n<\/ul>\n\n\n\n<p>2\u00aa.- <strong>Referida a si habr\u00e1 exposici\u00f3n publica de la Fase-2 del proyecto de obra de bajada de rasante de la Avda.:<\/strong>\u00a0 Ya sin efecto al haberse retirado del orden del d\u00eda el asunto de la Fase-2 de la obra.<\/p>\n\n\n\n<p>3\u00aa.- <strong>Referida a si est\u00e1 vez se evaluar\u00eda con los propietarios afectados por las obras de la Fase-2 el impacto en sus propiedades: <\/strong>Ya sin efecto al haberse retirado del orden del d\u00eda el asunto de la Fase-2 de la obra.<\/p>\n\n\n\n<p>4\u00aa.- <strong>Referida a mejor circular veh\u00edculos por la Avenida que por las callejas:<\/strong><\/p>\n\n\n\n<ul class=\"wp-block-list\">\n<li>Hace 15 d\u00edas en reuni\u00f3n con el Consorcio de Transporte y no habiendo alternativa para el Bus se vio que lo mejor es mantener la circulaci\u00f3n y parada por el centro al ser esencial. Se espera tenerlo firmado documentalmente en breve. Por tanto el autob\u00fas seguir\u00e1 circulando por la Avda. de Madrid y as\u00ed lo comunic\u00f3 tambien el alcalde, dos d\u00edas antes del pleno, en entrevista en la cadena SER que pueden o\u00edr en este enlace <a href=\"https:\/\/cadenaser.com\/cmadrid\/2024\/05\/20\/los-autobuses-podran-circular-por-la-avenida-de-madrid-de-lozoyuela-cuando-este-peatonalizada-ser-madrid-norte\/\">https:\/\/cadenaser.com\/cmadrid\/2024\/05\/20\/los-autobuses-podran-circular-por-la-avenida-de-madrid-de-lozoyuela-cuando-este-peatonalizada-ser-madrid-norte\/<\/a> \u00a0<\/li>\n<\/ul>\n\n\n\n<ul class=\"wp-block-list\">\n<li>Se refiri\u00f3 tambien a lo que puede tardar la Fase-2 en su dise\u00f1o, que se traer\u00e1 al Pleno y habr\u00e1 exposici\u00f3n publica del proyecto y que si es necesario se aprobar\u00e1 en sesi\u00f3n extraordinaria.<\/li>\n<\/ul>\n\n\n\n<p>5\u00aa.- <strong>Referida a la participaci\u00f3n ciudadana constante y operativa que aporte al PGOU el esencial conocimiento del entorno: <\/strong>\u00a0<\/p>\n\n\n\n<ul class=\"wp-block-list\">\n<li>El alcalde expreso su compromiso de mantener cuantas reuniones sean necesarias con los ciudadanos, las asociaciones y dem\u00e1s, con el fin de sumar y mejorar el que ser\u00e1 el primer documento real del PGOU, ello dentro de los limites dados por la Comunidad de Madrid.<\/li>\n<\/ul>\n\n\n\n<p><\/p>\n\n\n\n<p><strong>Conclusiones obtenidas:<\/strong><\/p>\n\n\n\n<ul class=\"wp-block-list\">\n<li>El trabajo hecho por AVP de aportaci\u00f3n de errores en las obras, de analizar el expediente y descubrir que no deber\u00edan vincularse obra, peatonalizaci\u00f3n y bus, informar y alegar en estamentos oficiales involucrados y la disposici\u00f3n del alcalde a estudiar en profundidad y en comprensi\u00f3n todo el conjunto del problema con esta Asociaci\u00f3n, mas la respuesta ciudadana, de comerciantes y la divulgaci\u00f3n informativa en TV, redes sociales, prensa de Madrid y prensa local, ha hecho que el Ayuntamiento y la Comunidad se hayan centrado en resolver los problemas, acci\u00f3n que reconocemos por cuanto en otros tiempos no hubiese sucedido tal cosa.<\/li>\n\n\n\n<li>Ello no nos desv\u00eda de los objetivos y por ello continuaremos con las acciones previstas hasta que no est\u00e9 por escrito que:<\/li>\n<\/ul>\n\n\n\n<blockquote class=\"wp-block-quote is-layout-flow wp-block-quote-is-layout-flow\">\n<p>&#8211; No se quita la parada del bus.<\/p>\n\n\n\n<p>&#8211; No se hace la obra sin las modificaciones pedidas.<\/p>\n\n\n\n<p>&#8211; No se peatonalice y optar por soluciones mixtas que no da\u00f1en el efecto positivo de la avenida, como est\u00e1, en el comercio y la hosteler\u00eda y en la descarga de veh\u00edculos por las callejas.<\/p>\n<\/blockquote>\n\n\n\n<p>&nbsp; Estaremos vigilantes y no pararemos hasta&nbsp;resolver totalmente el&nbsp;problema (los tres problemas), de&nbsp;ello est\u00e1 seguro todo el&nbsp;mundo, incluida la Comunidad de Madrid y&nbsp;el Ayuntamiento&nbsp;que ha confirmado que&nbsp;la&nbsp;misma&nbsp;nos&nbsp;da la&nbsp;raz\u00f3n&nbsp;a la&nbsp;modificaci\u00f3n&nbsp;del proyecto.<\/p>\n\n\n\n<p>\u00a0 \u00a0Gracias a todos los que han ayudado, la AVP es\u00a0participaci\u00f3n, unos m\u00e1s otros menos, pero desde la humildad,\u00a0sin personalismos, con la intenci\u00f3n de dar\u00a0todo el\u00a0protagonismo a la\u00a0\u201cUnidad de\u00a0Acci\u00f3n\u201d que  representa y da fuerza de conjunto la AVP, reforzada por el trabajo serio\u00a0y\u00a0bien documentado, y\u00a0el\u00a0di\u00e1logo (Sin comunicaci\u00f3n no hay remedio), que nos ha permitido que\u00a0el Alcalde\u00a0lo valore, respete y lo haya entendido propiciando que fuera a Madrid a \u201drenegociar\u201d las cosas como pedimos,\u00a0con\u00a0sorprendentes y positivos resultados anunciados en el Pleno,\u00a0confirm\u00e1ndose que estamos en\u00a0buen\u00a0camino\u00a0y\u00a0con\u00a0mejor panorama que\u00a0hace unos meses.<\/p>\n\n\n\n<p>Gracias a todos<\/p>\n\n\n\n<p>Saludos cordiales<\/p>\n","protected":false},"excerpt":{"rendered":"<p>\u00a0 \u00a0\u00a0 El Pleno del Ayuntamiento de Lozoyuela-Navas-Sieteiglesias del pasado mi\u00e9rcoles 22 de mayo, por su contenido \u00a0(orden del d\u00eda) y el ambiente existente, se preve\u00eda largo y borrascoso y fue todo lo contrario,&#46;&#46;&#46;<\/p>\n","protected":false},"author":1,"featured_media":1686,"comment_status":"open","ping_status":"closed","sticky":false,"template":"","format":"standard","meta":{"_seopress_robots_primary_cat":"61","_seopress_titles_title":"","_seopress_titles_desc":"","_seopress_robots_index":"","footnotes":""},"categories":[79,38,61],"tags":[],"class_list":["post-1683","post","type-post","status-publish","format-standard","has-post-thumbnail","hentry","category-avenida","category-pgou","category-pleno"],"_links":{"self":[{"href":"https:\/\/vecinosypropietarios.org\/index.php?rest_route=\/wp\/v2\/posts\/1683","targetHints":{"allow":["GET"]}}],"collection":[{"href":"https:\/\/vecinosypropietarios.org\/index.php?rest_route=\/wp\/v2\/posts"}],"about":[{"href":"https:\/\/vecinosypropietarios.org\/index.php?rest_route=\/wp\/v2\/types\/post"}],"author":[{"embeddable":true,"href":"https:\/\/vecinosypropietarios.org\/index.php?rest_route=\/wp\/v2\/users\/1"}],"replies":[{"embeddable":true,"href":"https:\/\/vecinosypropietarios.org\/index.php?rest_route=%2Fwp%2Fv2%2Fcomments&post=1683"}],"version-history":[{"count":34,"href":"https:\/\/vecinosypropietarios.org\/index.php?rest_route=\/wp\/v2\/posts\/1683\/revisions"}],"predecessor-version":[{"id":1735,"href":"https:\/\/vecinosypropietarios.org\/index.php?rest_route=\/wp\/v2\/posts\/1683\/revisions\/1735"}],"wp:featuredmedia":[{"embeddable":true,"href":"https:\/\/vecinosypropietarios.org\/index.php?rest_route=\/wp\/v2\/media\/1686"}],"wp:attachment":[{"href":"https:\/\/vecinosypropietarios.org\/index.php?rest_route=%2Fwp%2Fv2%2Fmedia&parent=1683"}],"wp:term":[{"taxonomy":"category","embeddable":true,"href":"https:\/\/vecinosypropietarios.org\/index.php?rest_route=%2Fwp%2Fv2%2Fcategories&post=1683"},{"taxonomy":"post_tag","embeddable":true,"href":"https:\/\/vecinosypropietarios.org\/index.php?rest_route=%2Fwp%2Fv2%2Ftags&post=1683"}],"curies":[{"name":"wp","href":"https:\/\/api.w.org\/{rel}","templated":true}]}}