{"id":1875,"date":"2024-12-23T09:36:03","date_gmt":"2024-12-23T08:36:03","guid":{"rendered":"https:\/\/vecinosypropietarios.org\/?p=1875"},"modified":"2024-12-23T09:36:08","modified_gmt":"2024-12-23T08:36:08","slug":"soterrar-cableado-en-avda-de-madrid-de-lozoyuela","status":"publish","type":"post","link":"https:\/\/vecinosypropietarios.org\/?p=1875","title":{"rendered":"SOTERRAR CABLEADO en Avda.de Madrid de Lozoyuela"},"content":{"rendered":"<div class=\"wp-block-image\">\n<figure class=\"aligncenter size-full is-resized\"><img loading=\"lazy\" decoding=\"async\" width=\"440\" height=\"557\" src=\"https:\/\/vecinosypropietarios.org\/wp-content\/uploads\/2024\/04\/Avda-M-88a-cota-alargar-tramo.jpg\" alt=\"\" class=\"wp-image-1626\" style=\"aspect-ratio:0.7899461400359067;width:310px;height:auto\" srcset=\"https:\/\/vecinosypropietarios.org\/wp-content\/uploads\/2024\/04\/Avda-M-88a-cota-alargar-tramo.jpg 440w, https:\/\/vecinosypropietarios.org\/wp-content\/uploads\/2024\/04\/Avda-M-88a-cota-alargar-tramo-237x300.jpg 237w\" sizes=\"auto, (max-width: 440px) 100vw, 440px\" \/><\/figure>\n<\/div>\n\n\n<p>&nbsp; Desde que en octubre de 2023 el Ayuntamiento inform\u00f3 a los ciudadanos del proyecto de obras en la Avda. de Madrid de Lozoyuela, hemos insistido en que se aprovechara la oportunidad para soterrar instalaciones de telefon\u00eda y electricidad y retirar de las fachadas estos elementos que, por antiest\u00e9ticos, que incumplen la normativa en casas catalogadas y son una servidumbre no aceptada y por tanto irregular, hay que eliminar.<\/p>\n\n\n\n<p>\u00a0 Lo hemos solicitado en las reuniones con la alcald\u00eda y por escritos jur\u00eddicamente documentados, el primero de 21-10-2023 y el \u00faltimo del 15-12-2024 y parece que con resultados ya que la Alcaldesa en el pleno pasado (19-12-2024) declar\u00f3, a pregunta de un concejal \u201c<strong>\u2026 que se va a hacer el soterramiento de todas las l\u00edneas de tel\u00e9fono y electricidad\u2026<\/strong>\u201d (Enlace a dicho punto del pleno:\u00a0\u00a0 <a href=\"https:\/\/youtu.be\/hTN-asf_rzU?t=2167\">https:\/\/youtu.be\/hTN-asf_rzU?t=2167<\/a> ).<\/p>\n\n\n\n<p>&nbsp; Ahora tenemos que informarnos e informaros de cu\u00e1l es el plan para la retirada del cableado de las fachadas y su enterramiento y el plan de actuaci\u00f3n para que las fachadas no sufran las consecuencias y se tapen agujeros.<\/p>\n\n\n\n<p>\u00a0\u00a0Seguiremos informando<\/p>\n\n\n\n<p><\/p>\n","protected":false},"excerpt":{"rendered":"<p>&nbsp; Desde que en octubre de 2023 el Ayuntamiento inform\u00f3 a los ciudadanos del proyecto de obras en la Avda. de Madrid de Lozoyuela, hemos insistido en que se aprovechara la oportunidad para soterrar&#46;&#46;&#46;<\/p>\n","protected":false},"author":1,"featured_media":1626,"comment_status":"open","ping_status":"closed","sticky":false,"template":"","format":"standard","meta":{"_seopress_robots_primary_cat":"none","_seopress_titles_title":"","_seopress_titles_desc":"","_seopress_robots_index":"","footnotes":""},"categories":[79,62],"tags":[],"class_list":["post-1875","post","type-post","status-publish","format-standard","has-post-thumbnail","hentry","category-avenida","category-ayuntamiento"],"_links":{"self":[{"href":"https:\/\/vecinosypropietarios.org\/index.php?rest_route=\/wp\/v2\/posts\/1875","targetHints":{"allow":["GET"]}}],"collection":[{"href":"https:\/\/vecinosypropietarios.org\/index.php?rest_route=\/wp\/v2\/posts"}],"about":[{"href":"https:\/\/vecinosypropietarios.org\/index.php?rest_route=\/wp\/v2\/types\/post"}],"author":[{"embeddable":true,"href":"https:\/\/vecinosypropietarios.org\/index.php?rest_route=\/wp\/v2\/users\/1"}],"replies":[{"embeddable":true,"href":"https:\/\/vecinosypropietarios.org\/index.php?rest_route=%2Fwp%2Fv2%2Fcomments&post=1875"}],"version-history":[{"count":1,"href":"https:\/\/vecinosypropietarios.org\/index.php?rest_route=\/wp\/v2\/posts\/1875\/revisions"}],"predecessor-version":[{"id":1878,"href":"https:\/\/vecinosypropietarios.org\/index.php?rest_route=\/wp\/v2\/posts\/1875\/revisions\/1878"}],"wp:featuredmedia":[{"embeddable":true,"href":"https:\/\/vecinosypropietarios.org\/index.php?rest_route=\/wp\/v2\/media\/1626"}],"wp:attachment":[{"href":"https:\/\/vecinosypropietarios.org\/index.php?rest_route=%2Fwp%2Fv2%2Fmedia&parent=1875"}],"wp:term":[{"taxonomy":"category","embeddable":true,"href":"https:\/\/vecinosypropietarios.org\/index.php?rest_route=%2Fwp%2Fv2%2Fcategories&post=1875"},{"taxonomy":"post_tag","embeddable":true,"href":"https:\/\/vecinosypropietarios.org\/index.php?rest_route=%2Fwp%2Fv2%2Ftags&post=1875"}],"curies":[{"name":"wp","href":"https:\/\/api.w.org\/{rel}","templated":true}]}}