{"id":1956,"date":"2025-04-13T11:52:23","date_gmt":"2025-04-13T10:52:23","guid":{"rendered":"https:\/\/vecinosypropietarios.org\/?p=1956"},"modified":"2025-04-13T16:38:35","modified_gmt":"2025-04-13T15:38:35","slug":"atasco-monumental-y-errores-en-la-gestion-de-las-obras-de-la-avenida-de-madrid","status":"publish","type":"post","link":"https:\/\/vecinosypropietarios.org\/?p=1956","title":{"rendered":"ATASCO MONUMENTAL Y ERRORES EN LA GESTI\u00d2N DE LAS OBRAS DE LA AVENIDA DE MADRID"},"content":{"rendered":"\n<figure class=\"wp-block-image size-large\"><img loading=\"lazy\" decoding=\"async\" width=\"1024\" height=\"768\" src=\"https:\/\/vecinosypropietarios.org\/wp-content\/uploads\/2025\/04\/IMG_20250306_111732-1024x768.jpg\" alt=\"\" class=\"wp-image-1960\" srcset=\"https:\/\/vecinosypropietarios.org\/wp-content\/uploads\/2025\/04\/IMG_20250306_111732-1024x768.jpg 1024w, https:\/\/vecinosypropietarios.org\/wp-content\/uploads\/2025\/04\/IMG_20250306_111732-300x225.jpg 300w, https:\/\/vecinosypropietarios.org\/wp-content\/uploads\/2025\/04\/IMG_20250306_111732-768x576.jpg 768w, https:\/\/vecinosypropietarios.org\/wp-content\/uploads\/2025\/04\/IMG_20250306_111732-1536x1152.jpg 1536w, https:\/\/vecinosypropietarios.org\/wp-content\/uploads\/2025\/04\/IMG_20250306_111732-2048x1536.jpg 2048w\" sizes=\"auto, (max-width: 1024px) 100vw, 1024px\" \/><\/figure>\n\n\n\n<p>\u00a0Desde esta Asociaci\u00f3n Vecinal queremos expresar nuestro profundo malestar por el monumental atasco que colaps\u00f3 nuestro pueblo hace dos d\u00edas. Este caos, que afect\u00f3 gravemente a los usuarios del transporte p\u00fablico y la tranquilidad debido, al parecer, a un veh\u00edculo mal estacionado en la ruta alternativa improvisada, es una consecuencia directa de la persistencia del Ayuntamiento en no reconocer el error que supone la peatonalizaci\u00f3n de la Avenida de Madrid.<\/p>\n\n\n\n<p>El reciente \u00abpitote\u00bb con los autobuses, con pasajeros esperando indefinidamente, no es un hecho aislado, es la punta del iceberg de una situaci\u00f3n que se agrava con la prolongaci\u00f3n de unas obras en la avenida marcadas por una acumulaci\u00f3n de errores.<\/p>\n\n\n\n<p>Ante esta realidad, nos preocupa enormemente que la respuesta del Ayuntamiento sea la creaci\u00f3n de nuevas fuentes de problemas mediante decisiones impulsivas y sin la participaci\u00f3n de los vecinos y sus asociaciones. Nos referimos concretamente a la intenci\u00f3n, que parece vislumbrarse, de solicitar la cesi\u00f3n de la rotonda, repitiendo el error ya cometido con la carretera de Las Navas.<\/p>\n\n\n\n<p>Esta decisi\u00f3n parece una huida hacia adelante, un intento de mantener con parches y posibles hipotecas una pol\u00edtica de peatonalizaci\u00f3n de la Avenida de Madrid que va en contra de la opini\u00f3n motivada de la mayor\u00eda de los vecinos y, especialmente, del 90% de los industriales de nuestro municipio.<\/p>\n\n\n\n<p>Desde esta Asociaci\u00f3n llevamos dos a\u00f1os advirtiendo al Ayuntamiento que la Avenida de Madrid es la N-1A (Alternativa) a la A-1, tal como figura en el cat\u00e1logo de carreteras del estado, y que su peatonalizaci\u00f3n es inviable al tratarse de una v\u00eda de demarcaci\u00f3n estatal. La realidad nos da la raz\u00f3n, otra vez, esta de forma contundente, pero el Ayuntamiento persiste en aplicar soluciones temporales en lugar de afrontar la realidad que el pueblo conoce y ha manifestado claramente. \u00a1Escuchen, por favor!<\/p>\n\n\n\n<p>Dudamos seriamente que la Direcci\u00f3n General de Carreteras ceda la rotonda de la N-1A al Ayuntamiento. En cualquier caso, desde aqu\u00ed les exigimos que desistan de esta solicitud y que centren sus esfuerzos en:<\/p>\n\n\n\n<ul class=\"wp-block-list\">\n<li>Se\u00f1alizar correctamente la zona de obras y las v\u00edas alternativas.<\/li>\n\n\n\n<li>Garantizar que las v\u00edas alternativas sean realmente funcionales y razonables.<\/li>\n\n\n\n<li>Agilizar al m\u00e1ximo la finalizaci\u00f3n de las obras y concretar con los afectados las acciones para devolver a la normalidad sus casas.<\/li>\n<\/ul>\n\n\n\n<p>Esperamos que esta vez el Ayuntamiento escuche la voz de sus vecinos y act\u00fae en consecuencia, priorizando el bienestar y la funcionalidad de nuestro pueblo.<\/p>\n\n\n\n<p><strong>Asociaci\u00f3n de Vecinos y Propietarios de Lozoyuela-Navas-Sieteiglesias<\/strong><\/p>\n\n\n\n<p>Comunicado del Ayuntamiento:<a href=\"https:\/\/www.facebook.com\/share\/15ejQYuzNq\/\">https:\/\/www.facebook.com\/share\/15ejQYuzNq\/<\/a><strong><\/strong><\/p>\n\n\n\n<figure class=\"wp-block-image size-full\"><img loading=\"lazy\" decoding=\"async\" width=\"565\" height=\"707\" src=\"https:\/\/vecinosypropietarios.org\/wp-content\/uploads\/2025\/04\/Pitote-bus-rotonda.png\" alt=\"\" class=\"wp-image-1959\" srcset=\"https:\/\/vecinosypropietarios.org\/wp-content\/uploads\/2025\/04\/Pitote-bus-rotonda.png 565w, https:\/\/vecinosypropietarios.org\/wp-content\/uploads\/2025\/04\/Pitote-bus-rotonda-240x300.png 240w\" sizes=\"auto, (max-width: 565px) 100vw, 565px\" \/><\/figure>\n","protected":false},"excerpt":{"rendered":"<p>\u00a0Desde esta Asociaci\u00f3n Vecinal queremos expresar nuestro profundo malestar por el monumental atasco que colaps\u00f3 nuestro pueblo hace dos d\u00edas. Este caos, que afect\u00f3 gravemente a los usuarios del transporte p\u00fablico y la tranquilidad&#46;&#46;&#46;<\/p>\n","protected":false},"author":1,"featured_media":1960,"comment_status":"open","ping_status":"closed","sticky":false,"template":"","format":"standard","meta":{"_seopress_robots_primary_cat":"none","_seopress_titles_title":"","_seopress_titles_desc":"","_seopress_robots_index":"","footnotes":""},"categories":[79,62,78],"tags":[],"class_list":["post-1956","post","type-post","status-publish","format-standard","has-post-thumbnail","hentry","category-avenida","category-ayuntamiento","category-movilidad"],"_links":{"self":[{"href":"https:\/\/vecinosypropietarios.org\/index.php?rest_route=\/wp\/v2\/posts\/1956","targetHints":{"allow":["GET"]}}],"collection":[{"href":"https:\/\/vecinosypropietarios.org\/index.php?rest_route=\/wp\/v2\/posts"}],"about":[{"href":"https:\/\/vecinosypropietarios.org\/index.php?rest_route=\/wp\/v2\/types\/post"}],"author":[{"embeddable":true,"href":"https:\/\/vecinosypropietarios.org\/index.php?rest_route=\/wp\/v2\/users\/1"}],"replies":[{"embeddable":true,"href":"https:\/\/vecinosypropietarios.org\/index.php?rest_route=%2Fwp%2Fv2%2Fcomments&post=1956"}],"version-history":[{"count":2,"href":"https:\/\/vecinosypropietarios.org\/index.php?rest_route=\/wp\/v2\/posts\/1956\/revisions"}],"predecessor-version":[{"id":1963,"href":"https:\/\/vecinosypropietarios.org\/index.php?rest_route=\/wp\/v2\/posts\/1956\/revisions\/1963"}],"wp:featuredmedia":[{"embeddable":true,"href":"https:\/\/vecinosypropietarios.org\/index.php?rest_route=\/wp\/v2\/media\/1960"}],"wp:attachment":[{"href":"https:\/\/vecinosypropietarios.org\/index.php?rest_route=%2Fwp%2Fv2%2Fmedia&parent=1956"}],"wp:term":[{"taxonomy":"category","embeddable":true,"href":"https:\/\/vecinosypropietarios.org\/index.php?rest_route=%2Fwp%2Fv2%2Fcategories&post=1956"},{"taxonomy":"post_tag","embeddable":true,"href":"https:\/\/vecinosypropietarios.org\/index.php?rest_route=%2Fwp%2Fv2%2Ftags&post=1956"}],"curies":[{"name":"wp","href":"https:\/\/api.w.org\/{rel}","templated":true}]}}