{"id":1964,"date":"2025-05-01T09:34:53","date_gmt":"2025-05-01T08:34:53","guid":{"rendered":"https:\/\/vecinosypropietarios.org\/?p=1964"},"modified":"2025-05-03T09:59:17","modified_gmt":"2025-05-03T08:59:17","slug":"evade-respuestas-en-el-pleno-y-obstruye-la-informacion-i","status":"publish","type":"post","link":"https:\/\/vecinosypropietarios.org\/?p=1964","title":{"rendered":"EVADE RESPUESTAS EN EL PLENO Y OBSTRUYEN LA INFORMACI\u00d3N (I)"},"content":{"rendered":"\n<h2 class=\"wp-block-heading\">La vivienda BIFAMILIAR<\/h2>\n\n\n\n<figure class=\"wp-block-image size-full\"><img loading=\"lazy\" decoding=\"async\" width=\"481\" height=\"306\" src=\"https:\/\/vecinosypropietarios.org\/wp-content\/uploads\/2025\/05\/Captura-de-pantalla-2023-07-14-200404.png\" alt=\"\" class=\"wp-image-1978\" srcset=\"https:\/\/vecinosypropietarios.org\/wp-content\/uploads\/2025\/05\/Captura-de-pantalla-2023-07-14-200404.png 481w, https:\/\/vecinosypropietarios.org\/wp-content\/uploads\/2025\/05\/Captura-de-pantalla-2023-07-14-200404-300x191.png 300w\" sizes=\"auto, (max-width: 481px) 100vw, 481px\" \/><\/figure>\n\n\n\n<p>&nbsp; Con este comunicado iniciamos una serie de explicaciones sobre las ineficaces respuestas que la Alcaldesa dio en el Pleno de Marzo a las preguntas fundamentales que nuestra Asociaci\u00f3n Vecinal plante\u00f3 en nombre de todos vosotros.<\/p>\n\n\n\n<p>&nbsp; Nos vimos obligados a llevar nuestras preguntas al Pleno debido a la&nbsp;desaparici\u00f3n de las <strong>reuniones mensuales<\/strong> que procur\u00e1bamos mantener con el anterior alcalde, el Sr. Auni\u00f3n, y la consiguiente falta de di\u00e1logo y din\u00e1mica consulta.<\/p>\n\n\n\n<p>&nbsp; Sorprendentemente, las preguntas, que solicitamos para leerse en el Pleno de diciembre, fueron retrasadas hasta marzo, Pleno en el que la Alcaldesa no respondi\u00f3 a todas las cuestiones de fondo, no ofreci\u00f3 soluciones concretas y sus respuestas parecieron ignorar la realidad de nuestro pueblo. Esto confirma una distancia y falta de transparencia que va en contra del inter\u00e9s general y que explica por qu\u00e9 problemas esenciales llevan d\u00e9cadas sin resolverse por parte del Ayuntamiento, dificultando tambi\u00e9n que los propios vecinos, unidos, podamos buscar soluciones.<\/p>\n\n\n\n<p>&nbsp; Ante esta situaci\u00f3n y la negativa a facilitarnos informaci\u00f3n p\u00fablica, hemos presentado un RECURSO ante la Alcald\u00eda, que pod\u00e9is leer en<\/p>\n\n\n\n<p><a href=\"http:\/\/www.vecinosypropietarios.org\/AVP%20Alcaldesa%20recurso%20no%20respuestas%20Pleno%20V1.2.pdf\" target=\"_blank\" rel=\"noreferrer noopener\">http:\/\/www.vecinosypropietarios.org\/AVP%20Alcaldesa%20recurso%20no%20respuestas%20Pleno%20V1.2.pdf<\/a><\/p>\n\n\n\n<p>&nbsp;Dado que el recurso es extenso, os iremos informando a trav\u00e9s de COMUNICADOS o P\u00cdLDORAS informativas, abordando cada uno de los puntos clave. Explicaremos las causas, los responsables, los hechos, los antecedentes y las soluciones que no se est\u00e1n aplicando y empezamos hoy con la\u2026<\/p>\n\n\n\n<p class=\"has-medium-font-size\"><\/p>\n\n\n\n<h2 class=\"wp-block-heading\"><strong>P\u00cdLDORA-1:<\/strong><\/h2>\n\n\n\n<p class=\"has-medium-font-size\"><strong>LA ELIMINACI\u00d3N INJUSTIFICADA DE LA VIVIENDA BIFAMILIAR<\/strong><\/p>\n\n\n\n<p>Desde siempre, y as\u00ed lo recog\u00edan las Normas Urban\u00edsticas de 1977 y 1990, exist\u00eda la figura de la vivienda Bifamiliar. Esto permit\u00eda que una casa de dos plantas pudiera dividirse legalmente en dos viviendas independientes. Esta soluci\u00f3n era muy \u00fatil para repartir herencias entre hijos y facilitar el acceso a la vivienda. Sin embargo, esta posibilidad desapareci\u00f3 con las Normas Urban\u00edsticas de 1996, aprobadas por un alcalde que no era del lugar y en un momento de baja poblaci\u00f3n y por tanto de pr\u00e1cticamente nula participaci\u00f3n vecinal, algo esencial para evitar los innumerables errores de bulto que atesoran las Normas Urban\u00edsticas de 1996.<\/p>\n\n\n\n<p>A pesar de que desde 2010, al menos, los vecinos hemos reclamado su recuperaci\u00f3n, el Ayuntamiento no ha resuelto nada. Esto ha provocado que muchas de las casas Bifamiliares existentes y construidas con licencia, se encuentren, ahora, en una situaci\u00f3n de FUERA DE ORDENAMIENTO, que les impide llevar a cabo proyectos viables y aboca a muchas de estas propiedades al abandono.<\/p>\n\n\n\n<p class=\"has-black-color has-text-color has-link-color has-medium-font-size wp-elements-e66c18dc7cfdb7879277c62a10a960bf\"><a><strong><u>VIVIENDA BIFAMILIAR: PREGUNTA HECHA AL PLENO<\/u><\/strong><\/a><strong><u> (I)<\/u><\/strong><strong><u>:<\/u><\/strong><\/p>\n\n\n\n<p class=\"has-vivid-cyan-blue-color has-text-color has-link-color has-medium-font-size wp-elements-cd20b37506f61db46b0597aadedef537\"><strong>\u201c<\/strong><strong>\u00bfPor qu\u00e9 se elimin\u00f3 la categor\u00eda de vivienda bifamiliar del ordenamiento urban\u00edstico y que tanto da\u00f1o ha causado?\u201d<\/strong><strong><\/strong><\/p>\n\n\n\n<p class=\"has-black-color has-text-color has-link-color wp-elements-78eaef03da03d6e034c757c1056845cf\" style=\"text-decoration:underline\">LA ALCALD\u00cdA CONTEST\u00d3:<\/p>\n\n\n\n<p><em><strong>no se ha eliminado el bifamiliar, no ha existido en nuestro ordenamiento urban\u00edstico<\/strong><\/em><\/p>\n\n\n\n<p style=\"text-decoration:underline\">ESTA ASOCIACI\u00d3N ALEGA E INFORMA QUE:<\/p>\n\n\n\n<ol class=\"wp-block-list\">\n<li class=\"has-black-color has-text-color has-link-color wp-elements-63a6f80a5c6484495eb0b8875f684147\"><a>La categor\u00eda de vivienda Bifamiliar ha sido un modelo habitual, especialmente en Lozoyuela, donde en herencias se divid\u00edan las casas, tanto en horizontal como en vertical, para as\u00ed dotar de viviendas a los hijos. Basta con darse un paseo por el Pueblo para ver los m\u00faltiples casos o acceder al archivo fotogr\u00e1fico o estudiar el hist\u00f3rico del ordenamiento o preguntar a los del lugar.<\/a>                      <\/li>\n\n\n\n<li>Lo mismo ocurr\u00eda con el Multifamiliar, tambien desechado de nuestro ordenamiento urban\u00edstico que no elabor\u00f3 el ciudadano y <strong>deja a m\u00e1s de 40 edificios en fuera de ordenamiento<\/strong>, en complicada situaci\u00f3n jur\u00eddica y serio efecto econ\u00f3mico y de imagen, al que no ha puesto todav\u00eda soluci\u00f3n el Ayuntamiento, cuando en pueblos vecinos ya est\u00e1n d\u00e1ndole soluci\u00f3n.<\/li>\n\n\n\n<li>Que en las normas urban\u00edsticas de 1977, <a><u>ordenamiento urban\u00edstico de nuestro Municipio por entonces<\/u><\/a>, se contemplan las categor\u00edas de viviendas bifamiliar y multifamiliar.<\/li>\n\n\n\n<li>Que en las Normas Subsidiarias de 1990, ordenamiento urban\u00edstico de nuestro Municipio por entonces , el bifamiliar se mantuvo pero con un solo tipo de divisi\u00f3n, de las dos posibles.<\/li>\n\n\n\n<li>Que en reuni\u00f3n de este a\u00f1o de esta Asociaci\u00f3n con la alcald\u00eda y el arquitecto municipal, \u00e9ste no supo explicar la causa de que se eliminase la categor\u00eda Bifamiliar en las Normas Subsidiarias, pero estamos sin ella y nada efectivo se ha hecho para resolver el problema.<\/li>\n<\/ol>\n\n\n\n<p class=\"has-medium-font-size\"><strong><u>VIVIENDA BIFAMILIAR: PREGUNTA HECHA AL PLENO (II):<\/u><\/strong><\/p>\n\n\n\n<p class=\"has-vivid-cyan-blue-color has-text-color has-link-color has-medium-font-size wp-elements-917a55f5b202c2a0c2d72cd60ec33c3b\"><strong>&nbsp;\u201c\u00bfC\u00f3mo est\u00e1n los trabajos para recuperar la categor\u00eda bifamiliar y cu\u00e1ndo estiman que recuperaremos esta categor\u00eda tras 29 a\u00f1os de solicitar su recuperaci\u00f3n los vecinos y propietarios?\u201d.<\/strong><\/p>\n\n\n\n<p style=\"text-decoration:underline\">LA ALCALD\u00cdA CONTEST\u00d3:<\/p>\n\n\n\n<p class=\"has-text-align-center\"><em>estamos en conversaciones con la Comunidad de Madrid<\/em><\/p>\n\n\n\n<p class=\"has-text-align-center\"><em>se ha pedido un informe a la Mancomunidad de urbanismo para reorientar la petici\u00f3n de bifamiliar<\/em><\/p>\n\n\n\n<p style=\"text-decoration:underline\">ESTA ASOCIACI\u00d3N VECINAL QUIERE SE\u00d1ALAR:<\/p>\n\n\n\n<ol class=\"wp-block-list\">\n<li>Hace m\u00e1s de 2 a\u00f1os se nos dijo esto mismo en reuni\u00f3n con el alcalde y en 2024 que \u201cya se hab\u00edan iniciado los trabajos de elaboraci\u00f3n\u201d de la petici\u00f3n a la Comunidad de Madrid para conseguir que se autorice la categor\u00eda de vivienda Bifamiliar. Algo m\u00e1s de un a\u00f1o despu\u00e9s volvemos al principio, se pide informe a la Mancomunidad de Urbanismo y con sus tiempos.<\/li>\n\n\n\n<li>Esta Asociaci\u00f3n present\u00f3 argumentos de defensa de la categor\u00eda Bifamiliar para reforzar los que el Ayuntamiento tuviese y desconocemos que se hayan tenido en cuenta, no se nos respondi\u00f3.<\/li>\n\n\n\n<li><strong>\u00a1Que ahora, en 2025, sabemos <\/strong>por dos escritos de <strong>2014<\/strong> de la Comunidad de Madrid,<strong> que el CBEP (Cat\u00e1logo de Bienes y Espacios&nbsp; Protegidos), no constitu\u00eda un requisito o escollo insalvable para poder disponer de vivienda Bifamiliar!,<\/strong> algo as\u00ed necesita una urgente explicaci\u00f3n p\u00fablica, de varios alcaldes y t\u00e9cnicos, al hecho de habernos pasado a\u00f1os sin disponer de esta categor\u00eda de vivienda que tantos problemas resuelve, como el de la carencia end\u00e9mica de vivienda y demanda creciente que no podemos satisfacer y que no disponer de categor\u00eda Bifamiliar ha significado cargarnos con nuevos problemas que lastran el desarrollo econ\u00f3mico y la vida del Municipio.<\/li>\n<\/ol>\n\n\n\n<p>Es un hecho grave que no puede quedar sin explicaci\u00f3n, ni sin soluci\u00f3n urgente, responsable y generosa que compense los perjuicios ocasionados.<\/p>\n\n\n\n<p>\u00a0 Como recordar\u00e1n los lectores, el lograr la vivienda Bifamiliar es un importante paso m\u00e1s del <strong><u>Plan Integral de Revitalizaci\u00f3n del Municipio<\/u><\/strong> (<a href=\"https:\/\/vecinosypropietarios.org\/?p=1879\">https:\/\/vecinosypropietarios.org\/?p=1879<\/a> ) que proponemos y que lleva d\u00e9cadas de retraso.<\/p>\n\n\n\n<p>&nbsp;&nbsp; Seguiremos insistiendo en este y otros temas y animamos a todos los vecinos a acudir al Ayuntamiento y pedir explicaciones sobre por qu\u00e9 los problemas de nuestro pueblo se prolongan durante d\u00e9cadas sin que se pongan soluciones, y por qu\u00e9 se dificulta la labor de quienes preguntan y buscan respuestas.<\/p>\n\n\n\n<p>Gracias por vuestro apoyo.<\/p>\n","protected":false},"excerpt":{"rendered":"<p>La vivienda BIFAMILIAR &nbsp; Con este comunicado iniciamos una serie de explicaciones sobre las ineficaces respuestas que la Alcaldesa dio en el Pleno de Marzo a las preguntas fundamentales que nuestra Asociaci\u00f3n Vecinal plante\u00f3&#46;&#46;&#46;<\/p>\n","protected":false},"author":1,"featured_media":1978,"comment_status":"open","ping_status":"closed","sticky":false,"template":"","format":"standard","meta":{"_seopress_robots_primary_cat":"60","_seopress_titles_title":"","_seopress_titles_desc":"","_seopress_robots_index":"","footnotes":""},"categories":[62,7,67,60],"tags":[],"class_list":["post-1964","post","type-post","status-publish","format-standard","has-post-thumbnail","hentry","category-ayuntamiento","category-cbep","category-comunidad-de-madrid","category-normas-urbanisticas"],"_links":{"self":[{"href":"https:\/\/vecinosypropietarios.org\/index.php?rest_route=\/wp\/v2\/posts\/1964","targetHints":{"allow":["GET"]}}],"collection":[{"href":"https:\/\/vecinosypropietarios.org\/index.php?rest_route=\/wp\/v2\/posts"}],"about":[{"href":"https:\/\/vecinosypropietarios.org\/index.php?rest_route=\/wp\/v2\/types\/post"}],"author":[{"embeddable":true,"href":"https:\/\/vecinosypropietarios.org\/index.php?rest_route=\/wp\/v2\/users\/1"}],"replies":[{"embeddable":true,"href":"https:\/\/vecinosypropietarios.org\/index.php?rest_route=%2Fwp%2Fv2%2Fcomments&post=1964"}],"version-history":[{"count":12,"href":"https:\/\/vecinosypropietarios.org\/index.php?rest_route=\/wp\/v2\/posts\/1964\/revisions"}],"predecessor-version":[{"id":1988,"href":"https:\/\/vecinosypropietarios.org\/index.php?rest_route=\/wp\/v2\/posts\/1964\/revisions\/1988"}],"wp:featuredmedia":[{"embeddable":true,"href":"https:\/\/vecinosypropietarios.org\/index.php?rest_route=\/wp\/v2\/media\/1978"}],"wp:attachment":[{"href":"https:\/\/vecinosypropietarios.org\/index.php?rest_route=%2Fwp%2Fv2%2Fmedia&parent=1964"}],"wp:term":[{"taxonomy":"category","embeddable":true,"href":"https:\/\/vecinosypropietarios.org\/index.php?rest_route=%2Fwp%2Fv2%2Fcategories&post=1964"},{"taxonomy":"post_tag","embeddable":true,"href":"https:\/\/vecinosypropietarios.org\/index.php?rest_route=%2Fwp%2Fv2%2Ftags&post=1964"}],"curies":[{"name":"wp","href":"https:\/\/api.w.org\/{rel}","templated":true}]}}