{"id":1990,"date":"2025-12-31T11:49:05","date_gmt":"2025-12-31T10:49:05","guid":{"rendered":"https:\/\/vecinosypropietarios.org\/?p=1990"},"modified":"2025-12-31T13:13:53","modified_gmt":"2025-12-31T12:13:53","slug":"muchos-pajares-podran-convertirse-en-viviendas","status":"publish","type":"post","link":"https:\/\/vecinosypropietarios.org\/?p=1990","title":{"rendered":"MUCHOS PAJARES PODR\u00c1N CONVERTIRSE EN VIVIENDAS"},"content":{"rendered":"\n<p><strong>&#x1f973; \u00a1NOTICIA! &#x1f973;<\/strong><\/p>\n\n\n\n<p><\/p>\n\n\n\n<p><strong>EL AYUNTAMIENTO PUBLICAR\u00c1 UN DOCUMENTO EXPLICATIVO<\/strong><\/p>\n\n\n<div class=\"wp-block-image\">\n<figure class=\"aligncenter size-full is-resized\"><img loading=\"lazy\" decoding=\"async\" width=\"667\" height=\"442\" src=\"https:\/\/vecinosypropietarios.org\/wp-content\/uploads\/2025\/12\/BOCETO-pajar-tipo-a-casa.png\" alt=\"\" class=\"wp-image-1993\" style=\"width:500px;height:auto\" srcset=\"https:\/\/vecinosypropietarios.org\/wp-content\/uploads\/2025\/12\/BOCETO-pajar-tipo-a-casa.png 667w, https:\/\/vecinosypropietarios.org\/wp-content\/uploads\/2025\/12\/BOCETO-pajar-tipo-a-casa-300x199.png 300w\" sizes=\"auto, (max-width: 667px) 100vw, 667px\" \/><\/figure>\n<\/div>\n\n\n<p>\u00a0 Tras una intensa y prolongada labor la <strong>Asociaci\u00f3n de Vecinos y Propietarios\u00a0 (AVP) <\/strong>\u00a0ha logrado con el Ayuntamiento dos avances trascendentales para el futuro de nuestros pajares y cuadras, darles vida y con ello al Pueblo y aportar la necesaria vivienda.<\/p>\n\n\n\n<p>&nbsp; Hemos recibido la confirmaci\u00f3n directa del Ayuntamiento de que est\u00e1n elaborando un <strong>documento explicativo y un folleto\/resumen<\/strong> que aclare a todos los vecinos <strong>c\u00f3mo hacer de un pajar una vivienda u otros, seg\u00fan el caso, <\/strong>respetando la piedra como base y sus derechos urban\u00edsticos seg\u00fan las Normas actuales.<\/p>\n\n\n\n<p>&nbsp;Esto supone, primero, dar soluci\u00f3n a los propietarios al problema de la ruina generalizada en pajares y cuadras venida de la situaci\u00f3n de rigidez alargada de unas Normas que, como se ha demostrado, no tuvieron en cuenta esto, ni se adaptaron posteriormente para evitar este escenario final de ruina, en lugar de propiciar darles nueva vida, respetando el estilo rural y los derechos urban\u00edsticos de la propiedad.<\/p>\n\n\n\n<p><strong>&#x1f4dd;<\/strong><strong> El Camino Recorrido<\/strong><\/p>\n\n\n\n<p>Este resultado, fruto de trabajo de la Asociaci\u00f3n, los vecinos y el Ayuntamiento, que celebramos, aunque sentimos haya tardado tanto en llegar, se ha basado en la \u201caportaci\u00f3n\u201d de los vecinos y propietarios que nos han hecho llegar sus casos y que la <strong>AVP<\/strong> ha expuesto al Ayuntamiento junto con posibles soluciones, a trav\u00e9s de escritos, reuniones, reforzados por nuestra participaci\u00f3n activa en foros de la Sierra Norte y Comunidad de Madrid para comparar situaciones de otros pueblos.<\/p>\n\n\n\n<p><strong>&#x1f4dd;<\/strong><strong> Propuesta Gr\u00e1fica de la AVP al Ayuntamiento para dar vida a pajares<\/strong><\/p>\n\n\n\n<p>\u00a0 En diciembre de 2024 registramos en el Ayuntamiento escrito aportando un <strong>modelo gr\u00e1fico <\/strong>ejemplo de c\u00f3mo se podr\u00eda realizar la transformaci\u00f3n de pajar a vivienda en respeto de la piedra y de lo rural y preservando los derechos urban\u00edsticos de la propiedad, pidiendo una respuesta vinculante y hace unos d\u00edas se nos acaba de dar la noticia de que <strong>nuestro dibujo \/ esquema de soluci\u00f3n ser\u00e1 incluido<\/strong> en el folleto oficial, del que pedimos sea sencillo y que se publique lo antes posible.<\/p>\n\n\n\n<p><strong>NUESTRO ESCRITO CON LA PROPUESTA GR\u00c1FICA<\/strong>:<\/p>\n\n\n\n<p><a href=\"https:\/\/www.vecinosypropietarios.org\/Pajares%20Boceto%20escrito%20Ayto%20pedir%20respuesta%20vinculante_20251229_0001.pdf\" target=\"_blank\" rel=\"noreferrer noopener\">https:\/\/www.vecinosypropietarios.org\/Pajares%20Boceto%20escrito%20Ayto%20pedir%20respuesta%20vinculante_20251229_0001.pdf<\/a><\/p>\n\n\n\n<figure class=\"wp-block-image size-full\"><img loading=\"lazy\" decoding=\"async\" width=\"667\" height=\"442\" src=\"https:\/\/vecinosypropietarios.org\/wp-content\/uploads\/2025\/12\/BOCETO-pajar-tipo-a-casa.png\" alt=\"\" class=\"wp-image-1993\" srcset=\"https:\/\/vecinosypropietarios.org\/wp-content\/uploads\/2025\/12\/BOCETO-pajar-tipo-a-casa.png 667w, https:\/\/vecinosypropietarios.org\/wp-content\/uploads\/2025\/12\/BOCETO-pajar-tipo-a-casa-300x199.png 300w\" sizes=\"auto, (max-width: 667px) 100vw, 667px\" \/><\/figure>\n\n\n\n<p>\u00a0 Ello ha tra\u00eddo la mencionada elaboraci\u00f3n por el Ayuntamiento, de un \u00abFolleto\u201d que mostrar\u00e1 c\u00f3mo dar vida a los pajares y las m\u00e1s de 70 ruinas, las cuales fueron mostradas en su momento en sendos v\u00eddeos bajo el t\u00edtulo \u201cParque tem\u00e1tico de ruinas\u201d public\u00f3 la AVP:<\/p>\n\n\n\n<figure class=\"wp-block-embed is-type-rich is-provider-gestor-del-servicio wp-block-embed-gestor-del-servicio\"><div class=\"wp-block-embed__wrapper\">\n<div style=\"width: 640px;\" class=\"wp-video\"><video class=\"wp-video-shortcode\" id=\"video-1990-1\" width=\"640\" height=\"360\" preload=\"metadata\" controls=\"controls\"><source type=\"video\/mp4\" src=\"https:\/\/www.vecinosypropietarios.org\/PAJARES%20Lozo%20ruinas%2070%20julio%2024%2001.mp4?_=1\" \/><a href=\"https:\/\/www.vecinosypropietarios.org\/PAJARES%20Lozo%20ruinas%2070%20julio%2024%2001.mp4\">https:\/\/www.vecinosypropietarios.org\/PAJARES%20Lozo%20ruinas%2070%20julio%2024%2001.mp4<\/a><\/video><\/div>\n<\/div><\/figure>\n\n\n\n<figure class=\"wp-block-embed is-type-rich is-provider-gestor-del-servicio wp-block-embed-gestor-del-servicio\"><div class=\"wp-block-embed__wrapper\">\n<div style=\"width: 640px;\" class=\"wp-video\"><video class=\"wp-video-shortcode\" id=\"video-1990-2\" width=\"640\" height=\"360\" preload=\"metadata\" controls=\"controls\"><source type=\"video\/mp4\" src=\"https:\/\/www.vecinosypropietarios.org\/PAJARES%20Lozo%20ruinas%2070%20FUERA%20ORDENAMIENTO%20V1.1.mp4?_=2\" \/><a href=\"https:\/\/www.vecinosypropietarios.org\/PAJARES%20Lozo%20ruinas%2070%20FUERA%20ORDENAMIENTO%20V1.1.mp4\">https:\/\/www.vecinosypropietarios.org\/PAJARES%20Lozo%20ruinas%2070%20FUERA%20ORDENAMIENTO%20V1.1.mp4<\/a><\/video><\/div>\n<\/div><\/figure>\n\n\n\n<p><\/p>\n\n\n\n<p><strong>&#x1f4dd;La uni\u00f3n de la Sierra Norte y su Influencia a Nivel Regional:<\/strong> La AVP ha colaborado y estado al d\u00eda de acciones y comunicaciones con otros Ayuntamientos, agentes y arquitectos de la zona, que ha llevado a reuniones de Alcaldes con varias Direcciones generales de la Comunidad de Madrid y donde, entre otros avances, en protecci\u00f3n, se ha aclarado que las actuaciones y obras en bienes catalogados, es decir en propiedades que tengan ficha en el Cat\u00e1logo de las Normas Urban\u00edsticas actuales, S\u00cd requieren env\u00edo a Patrimonio, pero las obras en bienes etiquetados como <strong>\u00abprotegidos\u00bb<\/strong> , que no est\u00e1n en \u00a0el cat\u00e1logo mencionado (la mayor\u00eda de los 248 bienes incluidos en el que fue Cat\u00e1logo CBEP), en principio deber\u00edan resolverse y encauzarse en el <strong>Ayuntamiento \/ Mancomunidad<\/strong>. Cambio importante.<\/p>\n\n\n\n<p><strong>&#x1f4dd;<\/strong><strong>Reuniones Directas con el Ayuntamiento:<\/strong> En la \u00faltima reuni\u00f3n con el Secretario y el Arquitecto sobre el asunto, donde aportamos propuestas adicionales y rutas de acci\u00f3n viables, es donde se nos inform\u00f3 de que el Ayuntamiento estaba elaborando un escrito o folleto sencillo que d\u00e9 a conocer a todos las posibilidades de sus pajares y la v\u00eda de actuaci\u00f3n y que esperamos se publique pronto.<\/p>\n\n\n\n<p>Feliz a\u00f1o nuevo<\/p>\n\n\n\n<p class=\"has-small-font-size\">Intervinientes directos en este asunto por parte de la AVP: Carlos, Pedro, Jorge, Jos\u00e9 (Junta), Alfredo (Arquitecto) y vecinos an\u00f3nimos que nos han tra\u00eddo sus casos.<\/p>\n","protected":false},"excerpt":{"rendered":"<p>&#x1f973; \u00a1NOTICIA! &#x1f973; EL AYUNTAMIENTO PUBLICAR\u00c1 UN DOCUMENTO EXPLICATIVO \u00a0 Tras una intensa y prolongada labor la Asociaci\u00f3n de Vecinos y Propietarios\u00a0 (AVP) \u00a0ha logrado con el Ayuntamiento dos avances trascendentales para el futuro&#46;&#46;&#46;<\/p>\n","protected":false},"author":1,"featured_media":1374,"comment_status":"open","ping_status":"closed","sticky":false,"template":"","format":"standard","meta":{"_seopress_robots_primary_cat":"81","_seopress_titles_title":"","_seopress_titles_desc":"","_seopress_robots_index":"","footnotes":""},"categories":[7,60,81,80],"tags":[],"class_list":["post-1990","post","type-post","status-publish","format-standard","has-post-thumbnail","hentry","category-cbep","category-normas-urbanisticas","category-pajares","category-ruinas"],"_links":{"self":[{"href":"https:\/\/vecinosypropietarios.org\/index.php?rest_route=\/wp\/v2\/posts\/1990","targetHints":{"allow":["GET"]}}],"collection":[{"href":"https:\/\/vecinosypropietarios.org\/index.php?rest_route=\/wp\/v2\/posts"}],"about":[{"href":"https:\/\/vecinosypropietarios.org\/index.php?rest_route=\/wp\/v2\/types\/post"}],"author":[{"embeddable":true,"href":"https:\/\/vecinosypropietarios.org\/index.php?rest_route=\/wp\/v2\/users\/1"}],"replies":[{"embeddable":true,"href":"https:\/\/vecinosypropietarios.org\/index.php?rest_route=%2Fwp%2Fv2%2Fcomments&post=1990"}],"version-history":[{"count":6,"href":"https:\/\/vecinosypropietarios.org\/index.php?rest_route=\/wp\/v2\/posts\/1990\/revisions"}],"predecessor-version":[{"id":2006,"href":"https:\/\/vecinosypropietarios.org\/index.php?rest_route=\/wp\/v2\/posts\/1990\/revisions\/2006"}],"wp:featuredmedia":[{"embeddable":true,"href":"https:\/\/vecinosypropietarios.org\/index.php?rest_route=\/wp\/v2\/media\/1374"}],"wp:attachment":[{"href":"https:\/\/vecinosypropietarios.org\/index.php?rest_route=%2Fwp%2Fv2%2Fmedia&parent=1990"}],"wp:term":[{"taxonomy":"category","embeddable":true,"href":"https:\/\/vecinosypropietarios.org\/index.php?rest_route=%2Fwp%2Fv2%2Fcategories&post=1990"},{"taxonomy":"post_tag","embeddable":true,"href":"https:\/\/vecinosypropietarios.org\/index.php?rest_route=%2Fwp%2Fv2%2Ftags&post=1990"}],"curies":[{"name":"wp","href":"https:\/\/api.w.org\/{rel}","templated":true}]}}