{"id":223,"date":"2021-05-07T13:01:08","date_gmt":"2021-05-07T12:01:08","guid":{"rendered":"https:\/\/vecinosypropietarios.org\/?p=223"},"modified":"2022-04-15T11:14:56","modified_gmt":"2022-04-15T10:14:56","slug":"infografia-no-4","status":"publish","type":"post","link":"https:\/\/vecinosypropietarios.org\/?p=223","title":{"rendered":"CBEP antecedentes e historia : Entrega n\u00ba 4"},"content":{"rendered":"\n<p>Estimados vecinos:<br>Os presentamos la cuarta c\u00e1psula informativa sobre el Cat\u00e1logo de Bienes (CBEP), continuaci\u00f3n de la tercera publicada anteriormente.<br><\/p>\n\n\n\n<p>En esta infograf\u00eda resumimos:<\/p>\n\n\n\n<p><\/p>\n\n\n\n<p><strong>\u00bfQU\u00c9 HA HECHO LA ASOCIACI\u00d3N?<\/strong><\/p>\n\n\n\n<ul class=\"wp-block-list\"><li>Despu\u00e9s de la propuesta acordada con patrimonio de componer una mesa de trabajo para encontrar una alternativa, durante 7 reuniones de trabajo de an\u00e1lisis y propuestas con el alcalde, se consensu\u00f3 y defini\u00f3 la metodolog\u00eda, los criterios de catalogaci\u00f3n y criterios de asignaci\u00f3n al grado de protecci\u00f3n, previo a la inclusi\u00f3n o exclusi\u00f3n o modificaci\u00f3n de cualquier bien o propiedad.<\/li><li>Como resultado se obtuvo un inventario de errores y una propuesta de descatalogar o reducir el grado de protecci\u00f3n a 190 propiedades particulares, entre otras.<\/li><li>Organizamos un equipo con asesores externos referentes en sus campos (el mejor arque\u00f3logo de Europa y uno de los urbanistas m\u00e1s reconocidos de Espa\u00f1a, entre otros) que desinteresadamente han colaborado y aportado sus conocimientos, a los que sumamos las aportaciones de pueblos serranos que han sorteado este problema.<\/li><li>Querer es poder y el CBEP-AVP hecho con TODOS y para TODOS en rondas con los ciudadanos pueblo a pueblo, propiedad a propiedad, fue el resultado que se registr\u00f3 en el Ayuntamiento y en dos Consejer\u00edas, la de Cultura y la de Administraci\u00f3n Local y Vivienda, adem\u00e1s de envi\u00e1rselo al Comisionado para la Revitalizaci\u00f3n Rural D. Rafael Pastor.<\/li><\/ul>\n\n\n\n<p><\/p>\n\n\n\n<p><strong>SITUACI\u00d3N ACTUAL<\/strong><\/p>\n\n\n\n<ul class=\"wp-block-list\"><li>El CBEP de 2019 est\u00e1 afectando ya gravemente a los tres pueblos, dado que mientras dure esta situaci\u00f3n, que puede alargarse a\u00f1os, se impiden actuaciones viables, pese a que:<\/li><li>Hay demanda de vivienda en el casco urbano pero no hay disponibilidad en los 3 pueblos, march\u00e1ndose las oportunidades a localidades vecinas.<\/li><li>Los pajares, que por ubicaci\u00f3n y tama\u00f1o cubrir\u00edan esa demanda, no pueden ser reconvertidos a casas.<\/li><li>Edificios en ruinas y deshabitados, techos ca\u00eddos, persianas bajadas, esto es lo que buscan preservar los t\u00e9cnicos que elaboran el CBEP aprobado.<\/li><li>Dada la incertidumbre, no se pueden realizar compra-ventas.<\/li><\/ul>\n\n\n\n<p><\/p>\n\n\n\n<p><\/p>\n\n\n\n<figure class=\"wp-block-image size-full\"><img loading=\"lazy\" decoding=\"async\" width=\"1640\" height=\"924\" src=\"https:\/\/vecinosypropietarios.org\/wp-content\/uploads\/2021\/05\/CBEP-IV-v5.11.png\" alt=\"CBEP,Ayuntamiento de Lozoyuela,Lozoyuela-Navas-Sieteiglesias\" class=\"wp-image-224\" srcset=\"https:\/\/vecinosypropietarios.org\/wp-content\/uploads\/2021\/05\/CBEP-IV-v5.11.png 1640w, https:\/\/vecinosypropietarios.org\/wp-content\/uploads\/2021\/05\/CBEP-IV-v5.11-300x169.png 300w, https:\/\/vecinosypropietarios.org\/wp-content\/uploads\/2021\/05\/CBEP-IV-v5.11-1024x577.png 1024w, https:\/\/vecinosypropietarios.org\/wp-content\/uploads\/2021\/05\/CBEP-IV-v5.11-768x433.png 768w, https:\/\/vecinosypropietarios.org\/wp-content\/uploads\/2021\/05\/CBEP-IV-v5.11-1536x865.png 1536w\" sizes=\"auto, (max-width: 1640px) 100vw, 1640px\" \/><\/figure>\n\n\n\n<p><\/p>\n\n\n\n<p><\/p>\n\n\n\n<p><strong>ENTONCES\u2026 \u00bfQU\u00c9 HA PASADO?<\/strong><\/p>\n\n\n\n<ul class=\"wp-block-list\"><li>En noviembre de 2020 acab\u00f3 el trabajo AVP con el Ayuntamiento. El alcalde se comprometi\u00f3 a encargarse de realizar las siguientes gestiones para presentar y promocionar el nuevo CBEP. Reuni\u00f3n tras reuni\u00f3n pedimos la resoluci\u00f3n de los compromisos, pero nunca llegaron.<\/li><li>En enero el alcalde corta toda relaci\u00f3n con la AVP unilateralmente, sin motivo aparente ni justificado, y sin haber realizado ni una sola de las gestiones prometidas.<\/li><li>Tras meses sin noticias, en marzo registramos SOLOS la propuesta del CBEP al no sumarse el alcalde.<\/li><li>Las tareas que deber\u00eda liderar el alcalde y que a\u00fan esperamos son:<\/li><li>Conseguir nueva cita con Patrimonio<\/li><li>Aportar calendario con plazos para:<\/li><li>Aplicaci\u00f3n de las correcciones, alegaciones y el CBEP-AVP.<\/li><li>Llevar a pleno y aprobar el NUEVO CBEP lo antes posible.<\/li><\/ul>\n\n\n\n<p><\/p>\n\n\n\n<p><strong>Y AHORA, \u00bfQU\u00c9?<\/strong><\/p>\n\n\n\n<ul class=\"wp-block-list\"><li>Juntos exigir soluci\u00f3n del problema a los responsables locales.<\/li><li>Reclamar a la Comunidad de Madrid urgente correcci\u00f3n del CBEP por grave efecto que produce y en el peor momento.<\/li><li>Divulgar el problema para evitar pase a otros pueblos.<\/li><li>Recurrir a otros estamentos: Defensor del Pueblo, Ministerios, Bruselas, etc\u2026. Aunque no se acostumbre a contestar tampoco a estas instituciones.<\/li><li>Otras v\u00edas de reclamaci\u00f3n.<\/li><\/ul>\n\n\n\n<p><\/p>\n\n\n\n<p><\/p>\n\n\n\n<blockquote class=\"wp-block-quote is-style-large is-layout-flow wp-block-quote-is-layout-flow\"><p><mark style=\"background-color:rgba(0, 0, 0, 0)\" class=\"has-inline-color has-vivid-cyan-blue-color\"><strong>ALCALDE: EL PUEBLO NO PUEDE PERMITIRSE ESTA LARGA PARALIZACI\u00d3N URBAN\u00cdSTICA EN UN MOMENTO DE CRISIS<\/strong><\/mark><\/p><\/blockquote>\n\n\n\n<p><\/p>\n\n\n\n<p><\/p>\n\n\n\n<p id=\"block-f8025f16-b906-44f0-8ed4-1a3d2ded8b86\">Y es que, durante a\u00f1os, hemos visto pasar ante nuestros ojos oportunidades que se iban a otros pueblos: ya fueran servicios p\u00fablicos, inversiones p\u00fablicas y privadas, poblaci\u00f3n, etc. Todos, en parte, sabemos los porqu\u00e9s y lo que subyace detr\u00e1s de todo esto, y es por ello que tantas familias de los tres pueblos nos hemos unido a este ilusionante proyecto, porque sabemos que no es s\u00f3lo el CBEP el problema, sino la gota que ha desbordado el vaso de los desprop\u00f3sitos<\/p>\n\n\n\n<p>&nbsp;<br>D\u00e1ndonos un paseo por los tres pueblos \u00bfqu\u00e9 nos encontramos? Un conjunto urbano y arquitect\u00f3nico inexistente, dificultades para circular o aparcar, aceras intransitables con obst\u00e1culos inaccesibles, el fe\u00edsmo instalado en forma de techos hundidos, persianas echadas, pajares abandonados, infraviviendas inhabitables,.. y no ser\u00e1 porque en su gran mayor\u00eda la gente no quiera rehabilitar, reformar, reconstruir y habitar en nuestro municipio. Es que no nos dejan.<br>&nbsp;<\/p>\n\n\n\n<p><\/p>\n\n\n\n<p><br><strong>\u00a1S\u00cd SE PUEDE! <\/strong>Ha habido d\u00e9cadas para demostrarlo que s\u00ed se pod\u00eda ayer y s\u00ed se puede hoy, la prueba a 5 kms. a la redonda: hoy pase\u00e1ndonos por Puentesviejas, Garganta de los Montes, Navalafuente, Gargantilla del Lozoya, etc. podemos ver pueblos con un estilo urbano propio, sin apenas inmuebles abandonados en el casco urbano, y con negocios florecientes que se articulan a partir de ello. Aqu\u00ed, con el CBEP, pero tambi\u00e9n con otras actuaciones y procedimientos, pol\u00edticos y t\u00e9cnicos quieren proteger y mantener lo que ya tenemos, tres pueblos en decadencia, perdiendo oportunidades que pasan cada ciertos a\u00f1os donde se pueden atraer poblaci\u00f3n e inversi\u00f3n, y con ello los ansiados servicios y puestos de trabajo.<\/p>\n\n\n\n<p>&nbsp;<\/p>\n\n\n\n<p><br><strong>\u00bfVAMOS A PERDER OTRA OPORTUNIDAD? \u00a1NO LO PODEMOS PERMITIR! <\/strong>Esta \u00faltima c\u00e1psula, es fiel reflejo de la situaci\u00f3n actual: ciudadanos haciendo el trabajo de t\u00e9cnicos municipales, aportando recursos y tiempo, con los mejores; ilusionados con una promesa de luchar por el Municipio junto con el Ayuntamiento; y cuando quedaba dar el \u00faltimo \u00abDo de pecho\u00bb, la ruptura de cualquier relaci\u00f3n con la asociaci\u00f3n, esperanzas e ilusiones traicionadas y de nuevo, sin noticias del estado y de los procedimientos, a los que una persona que representa a sus ciudadanos hab\u00eda dado su palabra en diversas ocasiones; retrasando de cualquier modo la soluci\u00f3n y haciendo que la gente posponga sue\u00f1os y proyectos unos a\u00f1os m\u00e1s, hasta que sean demasiado mayores, lo malvendan o se vayan a Puentesviejas, Garganta de los Montes, Navalafuente, El Berrueco, Gargantilla del Lozoya, La Cabrera o Buitrago. Pero somos un pueblo que UNIDO lograr\u00e1 lo que se proponga, a pesar de las adversidades.<\/p>\n\n\n\n<blockquote class=\"wp-block-quote is-layout-flow wp-block-quote-is-layout-flow\"><p><mark style=\"background-color:rgba(0, 0, 0, 0)\" class=\"has-inline-color has-black-color\"><br>Esta Asociaci\u00f3n ha hecho una apuesta por la participaci\u00f3n que se refleja en este nuevo cat\u00e1logo, la experiencia ha sido muy positiva, se han estrechado lazos entre vecinos e incluso se han unido a nuestro proyecto grandes profesionales que han cre\u00eddo en nuestra causa.<br>Los ciudadanos debemos empoderarnos para ser motor de transformaci\u00f3n y due\u00f1os de nuestro futuro, juntos por y para el pueblo.<\/mark><\/p><\/blockquote>\n","protected":false},"excerpt":{"rendered":"<p>Estimados vecinos:Os presentamos la cuarta c\u00e1psula informativa sobre el Cat\u00e1logo de Bienes (CBEP), continuaci\u00f3n de la tercera publicada anteriormente. En esta infograf\u00eda resumimos: \u00bfQU\u00c9 HA HECHO LA ASOCIACI\u00d3N? Despu\u00e9s de la propuesta acordada con&#46;&#46;&#46;<\/p>\n","protected":false},"author":1,"featured_media":224,"comment_status":"open","ping_status":"closed","sticky":false,"template":"","format":"standard","meta":{"_seopress_robots_primary_cat":"none","_seopress_titles_title":"CBEP Lozoyuela","_seopress_titles_desc":"Qu\u00e9 ha hecho la Asociaci\u00f3n de Vecinos y Propietarios","_seopress_robots_index":"","footnotes":""},"categories":[7],"tags":[2,4,3,5,6],"class_list":["post-223","post","type-post","status-publish","format-standard","has-post-thumbnail","hentry","category-cbep","tag-cbep","tag-lozoyuela","tag-lozoyuela-navas-sieteiglesias","tag-navas","tag-sieteiglesias"],"_links":{"self":[{"href":"https:\/\/vecinosypropietarios.org\/index.php?rest_route=\/wp\/v2\/posts\/223","targetHints":{"allow":["GET"]}}],"collection":[{"href":"https:\/\/vecinosypropietarios.org\/index.php?rest_route=\/wp\/v2\/posts"}],"about":[{"href":"https:\/\/vecinosypropietarios.org\/index.php?rest_route=\/wp\/v2\/types\/post"}],"author":[{"embeddable":true,"href":"https:\/\/vecinosypropietarios.org\/index.php?rest_route=\/wp\/v2\/users\/1"}],"replies":[{"embeddable":true,"href":"https:\/\/vecinosypropietarios.org\/index.php?rest_route=%2Fwp%2Fv2%2Fcomments&post=223"}],"version-history":[{"count":4,"href":"https:\/\/vecinosypropietarios.org\/index.php?rest_route=\/wp\/v2\/posts\/223\/revisions"}],"predecessor-version":[{"id":598,"href":"https:\/\/vecinosypropietarios.org\/index.php?rest_route=\/wp\/v2\/posts\/223\/revisions\/598"}],"wp:featuredmedia":[{"embeddable":true,"href":"https:\/\/vecinosypropietarios.org\/index.php?rest_route=\/wp\/v2\/media\/224"}],"wp:attachment":[{"href":"https:\/\/vecinosypropietarios.org\/index.php?rest_route=%2Fwp%2Fv2%2Fmedia&parent=223"}],"wp:term":[{"taxonomy":"category","embeddable":true,"href":"https:\/\/vecinosypropietarios.org\/index.php?rest_route=%2Fwp%2Fv2%2Fcategories&post=223"},{"taxonomy":"post_tag","embeddable":true,"href":"https:\/\/vecinosypropietarios.org\/index.php?rest_route=%2Fwp%2Fv2%2Ftags&post=223"}],"curies":[{"name":"wp","href":"https:\/\/api.w.org\/{rel}","templated":true}]}}