{"id":275,"date":"2021-09-28T21:02:15","date_gmt":"2021-09-28T20:02:15","guid":{"rendered":"https:\/\/vecinosypropietarios.org\/?p=275"},"modified":"2022-04-15T11:11:33","modified_gmt":"2022-04-15T10:11:33","slug":"comunicado-a-vecinos-y-propietarios-en-relacion-a-la-demanda-del-cbep","status":"publish","type":"post","link":"https:\/\/vecinosypropietarios.org\/?p=275","title":{"rendered":"Demanda por el CBEP. Comunicado a Vecinos y Propietarios."},"content":{"rendered":"\n<figure class=\"wp-block-image size-full is-resized\"><img loading=\"lazy\" decoding=\"async\" src=\"https:\/\/vecinosypropietarios.org\/wp-content\/uploads\/2021\/04\/IMG-20210216-WA0010.jpg\" alt=\"CBEP,demanda,Lozoyuela-Navas-Sieteiglesias,Ayuntamiento de Lozoyuela\" class=\"wp-image-182\" width=\"417\" height=\"467\" srcset=\"https:\/\/vecinosypropietarios.org\/wp-content\/uploads\/2021\/04\/IMG-20210216-WA0010.jpg 556w, https:\/\/vecinosypropietarios.org\/wp-content\/uploads\/2021\/04\/IMG-20210216-WA0010-268x300.jpg 268w\" sizes=\"auto, (max-width: 417px) 100vw, 417px\" \/><\/figure>\n\n\n\n<p>Queridos vecinos:<\/p>\n\n\n\n<p>&nbsp;Ante comunicados y declaraciones informales que est\u00e1n llegando tras el anuncio de las acciones judiciales de esta asociaci\u00f3n contra el Ayuntamiento para la retirada del Cat\u00e1logo de Bienes o CBEP, nos gustar\u00eda decir lo siguiente:<\/p>\n\n\n\n<p>&nbsp;&nbsp;&nbsp;&nbsp;&nbsp;&nbsp;&nbsp;&nbsp;&nbsp;&nbsp;&nbsp; La democracia representativa no consiste en ir a votar cada cuatro a\u00f1os o menos, y una vez que se ha hecho, el ciudadano queda a expensas de las decisiones del partido ganador, en caso de que obtuviera mayor\u00eda absoluta, o a trav\u00e9s de acuerdos y pactos de gobernanza con otros grupos en caso de no obtener la mayor\u00eda representativa. No, la democracia es mucho m\u00e1s que eso, pese a que a algunos no les guste; permite a ciudadanos de manera individual o colectiva acudir a otros mecanismos que reconoce nuestra Constituci\u00f3n como es, entre otros, <strong>poder asociarse para representar y luchar por los intereses tanto propios como comunes; tambi\u00e9n les dota de la posibilidad de poner alegaciones, acceder a la informaci\u00f3n municipal y ser escuchados en distintos \u00f3rganos; y en \u00faltimo lugar, y como personas responsables y libres, acudir a la justicia para resolver aquellos pleitos que tienen con otras personas, entidades privadas o p\u00fablicas<\/strong>; y no s\u00f3lo eso, pueden acudir incluso a \u00e1mbitos judiciales superiores incluso europeos.<\/p>\n\n\n\n<p>No nos enga\u00f1emos, iniciar un pleito contra una entidad local, como es nuestro caso, es un acto natural y honesto, al haber intentado solucionarlo siguiendo los cauces legales establecidos, y siempre desde un prisma dialogante y pese a los normales desencuentros, porque de eso se trata, de tener voluntad de llegar a un acercamiento, que no puede ser otro que el bien para nuestros tres pueblos. <strong>Por ello, el siguiente paso que quedaba era este, muy a nuestro pesar<\/strong>.<\/p>\n\n\n\n<p>Y lo damos porque creemos en ello, pero no ciegamente, sino porque hemos sido asesorados por los mejores expertos a los que hemos podido acceder, algunos con muchos a\u00f1os de experiencia y en casu\u00edsticas similares; por eso os queremos enfatizar que no nos estamos embarcando inconscientemente en unas reivindicaciones quim\u00e9ricas. Y por ello, creemos necesario seguir dando ejemplo, apostando nuestro tiempo y nuestro dinero en este medio para lograr el tan ansiado fin. No vamos a obligar a nadie a que nos acompa\u00f1e, pero cualquier ayuda voluntaria en esfuerzo o aportaci\u00f3n monetaria ser\u00e1 siempre bienvenida.<\/p>\n\n\n\n<p><\/p>\n\n\n\n<p><\/p>\n\n\n\n<p><\/p>\n\n\n\n<h2 class=\"wp-block-heading\">&nbsp;&nbsp;&nbsp;&nbsp;&nbsp;&nbsp;&nbsp;&nbsp;&nbsp;&nbsp;<\/h2>\n\n\n\n<blockquote class=\"wp-block-quote is-style-large is-layout-flow wp-block-quote-is-layout-flow\"><p>Sentimos desde lo m\u00e1s profundo que otro pueblo es posible, porque vemos como ahora los municipios de alrededor son m\u00e1s pr\u00f3speros y desarrollados, y sabemos que el nuestro tiene potencial de sobra para ello, solo hace falta la voluntad para que entre entidades y ciudadanos se pueda llevar a t\u00e9rmino. Si no, no nos apostar\u00edamos tanto en ello, y tampoco hubi\u00e9ramos todos llegado hasta aqu\u00ed.<\/p><\/blockquote>\n\n\n\n<p>&nbsp;&nbsp;&nbsp;&nbsp;&nbsp;&nbsp;&nbsp;&nbsp;&nbsp;&nbsp;&nbsp;<\/p>\n\n\n\n<p>Somos conscientes de que, en familiares y amigos, pero tambi\u00e9n en nosotros mismos, pueden aflorar sentimientos de des\u00e1nimo, por no ver resuelto este problema tras dos a\u00f1os y sufrir sus consecuencias por la lentitud en los avances. Ya sab\u00e9is que los tiempos para poder interponer una demanda que vaya a buen puerto no son cortos; y porque previamente hay que seguir los procedimientos previos a este paso, pero preferimos seguir este cauce del que nos dota nuestro Estado de Derecho, sin revanchismo, ni odio ni tergiversaciones: <strong>un juez evaluar\u00e1 a las dos partes, con toda la documentaci\u00f3n y argumentos aportados, y tomar\u00e1 una decisi\u00f3n<\/strong>.<\/p>\n\n\n\n<p>Lo que pueda pasar finalmente siempre es un misterio, nadie tiene la bola de cristal y puede anticiparlo en su totalidad. La AVP podr\u00e1 ganar total o parcialmente las demandas, perder algunas; o, incluso puede darse el caso, que el ayuntamiento para no responder ante el juez diera respuesta y soluci\u00f3n expresa a las peticiones que, durante estos a\u00f1os, y, siguiendo el procedimiento legal, la asociaci\u00f3n ha registrado.<\/p>\n\n\n\n<p>De todo ello os mantendremos siempre informados.<\/p>\n\n\n\n<p>Atentamente,<\/p>\n\n\n\n<p>La Junta de la AVP<\/p>\n","protected":false},"excerpt":{"rendered":"<p>Queridos vecinos: &nbsp;Ante comunicados y declaraciones informales que est\u00e1n llegando tras el anuncio de las acciones judiciales de esta asociaci\u00f3n contra el Ayuntamiento para la retirada del Cat\u00e1logo de Bienes o CBEP, nos gustar\u00eda&#46;&#46;&#46;<\/p>\n","protected":false},"author":1,"featured_media":183,"comment_status":"open","ping_status":"closed","sticky":false,"template":"","format":"standard","meta":{"_seopress_robots_primary_cat":"none","_seopress_titles_title":"CBEP de Lozoyuela-Navas-Sieteglesias","_seopress_titles_desc":"Comunicado de la Asociaci\u00f3n de Vecinos y Propietarios sobre la demanda","_seopress_robots_index":"","footnotes":""},"categories":[7],"tags":[2,37,3],"class_list":["post-275","post","type-post","status-publish","format-standard","has-post-thumbnail","hentry","category-cbep","tag-cbep","tag-comunicados","tag-lozoyuela-navas-sieteiglesias"],"_links":{"self":[{"href":"https:\/\/vecinosypropietarios.org\/index.php?rest_route=\/wp\/v2\/posts\/275","targetHints":{"allow":["GET"]}}],"collection":[{"href":"https:\/\/vecinosypropietarios.org\/index.php?rest_route=\/wp\/v2\/posts"}],"about":[{"href":"https:\/\/vecinosypropietarios.org\/index.php?rest_route=\/wp\/v2\/types\/post"}],"author":[{"embeddable":true,"href":"https:\/\/vecinosypropietarios.org\/index.php?rest_route=\/wp\/v2\/users\/1"}],"replies":[{"embeddable":true,"href":"https:\/\/vecinosypropietarios.org\/index.php?rest_route=%2Fwp%2Fv2%2Fcomments&post=275"}],"version-history":[{"count":11,"href":"https:\/\/vecinosypropietarios.org\/index.php?rest_route=\/wp\/v2\/posts\/275\/revisions"}],"predecessor-version":[{"id":595,"href":"https:\/\/vecinosypropietarios.org\/index.php?rest_route=\/wp\/v2\/posts\/275\/revisions\/595"}],"wp:featuredmedia":[{"embeddable":true,"href":"https:\/\/vecinosypropietarios.org\/index.php?rest_route=\/wp\/v2\/media\/183"}],"wp:attachment":[{"href":"https:\/\/vecinosypropietarios.org\/index.php?rest_route=%2Fwp%2Fv2%2Fmedia&parent=275"}],"wp:term":[{"taxonomy":"category","embeddable":true,"href":"https:\/\/vecinosypropietarios.org\/index.php?rest_route=%2Fwp%2Fv2%2Fcategories&post=275"},{"taxonomy":"post_tag","embeddable":true,"href":"https:\/\/vecinosypropietarios.org\/index.php?rest_route=%2Fwp%2Fv2%2Ftags&post=275"}],"curies":[{"name":"wp","href":"https:\/\/api.w.org\/{rel}","templated":true}]}}