{"id":305,"date":"2021-10-17T17:00:30","date_gmt":"2021-10-17T16:00:30","guid":{"rendered":"https:\/\/vecinosypropietarios.org\/?p=305"},"modified":"2022-04-15T10:51:17","modified_gmt":"2022-04-15T09:51:17","slug":"antecedentes-y-logros-ultimos-de-los-propietarios-del-coto-de-caza","status":"publish","type":"post","link":"https:\/\/vecinosypropietarios.org\/?p=305","title":{"rendered":"Antecedentes y logros \u00faltimos de los propietarios del coto de caza"},"content":{"rendered":"\n<p>Estimados vecinos y propietarios:<\/p>\n\n\n\n<p>El Coto privado de Lozoyuela-Navas-Sieteiglesias, de cerca de 5.300 hect\u00e1reas y 5.251 fincas, naci\u00f3 el 1 de Octubre de 1981 con la firma de nuestros Abuelos y Padres como propietarios de dichas fincas r\u00fasticas, del <strong>contrato<\/strong> de la cesi\u00f3n de la explotaci\u00f3n cineg\u00e9tica de sus fincas, poniendo de titular com\u00fan del coto a nuestro Ayuntamiento, con unas condiciones y compromisos que con el tiempo y cambio generacional fueron quedando \u201cdesplazadas\u201d del d\u00eda a d\u00eda.<\/p>\n\n\n\n<p>Esto hizo que un grupo de propietarios se unieran para requerir el respeto a la voluntad del contrato de Cesi\u00f3n, intentando el&nbsp; di\u00e1logo con la sociedad de cazadores concesionaria y con el Ayuntamiento, y despu\u00e9s de estudiar la situaci\u00f3n de los cotos de pueblos de la Comarca, \u00e9ste grupo registr\u00f3 en el Ayuntamiento documento jur\u00eddico de \u201cpre demanda\u201d, que los servicios jur\u00eddicos externos del Ayuntamiento dieron raz\u00f3n al 100% y as\u00ed lo hicieron p\u00fablico desde la mesa de presidencia del sal\u00f3n de Plenos, desde donde asumieron que estaban obligados a \u201cactualizar su alineamiento legal\u201d, que implicaba :<\/p>\n\n\n\n<ul class=\"wp-block-list\"><li>Cumplir la ley que dicta que <strong>los propietarios de fincas de un coto PRIVADO <u>deben recibir compensaci\u00f3n por la Caza<\/u><\/strong> en proporci\u00f3n al tama\u00f1o de sus bienes.<\/li><\/ul>\n\n\n\n<p>          Cabe recordar que hemos encontrado documentos contables de la dehesa donde ya en el siglo XIX se cobraba por la Caza.<\/p>\n\n\n\n<ul class=\"wp-block-list\"><li>&nbsp;Que <strong>al haber bienes municipales (686,1271 hect\u00e1reas) el Ayuntamiento est\u00e1 <u>obligado a<\/u> <u>la subasta p\u00fablica<\/u><\/strong> de los mismos, como es la caza en las fincas municipales que como est\u00e1n dentro de la unidad del Coto Privado, debe subastarse la explotaci\u00f3n completa del Coto.<\/li><li>&nbsp;Que esto <strong>debe <u>regirse por los propietarios y el titular del coto<\/u>, delegado, que es el Ayuntamiento<\/strong>, por ello se requiri\u00f3 por aquellos propietarios demandantes la constituci\u00f3n de una Comisi\u00f3n de Control del Coto para reconducir al cumplimiento del contrato original y las formas de entonces, Comisi\u00f3n para la que el Viernes 22 a las 18 horas los propietarios votaremos a&nbsp; nuestros representantes en la misma, comisi\u00f3n que entre otras deber\u00e1 decidir :<ul><li>Destino y forma de reparto de los que en breve ya ser\u00e1n <strong>49.500 \u20ac<\/strong> en la cuenta del Coto, es decir en la cuenta de los propietarios. Cabe destacar que en un a\u00f1o el coto ingresa m\u00e1s de tres veces lo que ingresa la dehesa el mismo periodo.<\/li><\/ul><ul><li>Reconducir las formas y costumbres de respeto a propiedades, sembrados, cauces, per\u00edmetro del que se puede disparar y desde el que no, etc., etc.<\/li><\/ul><ul><li>La compensaci\u00f3n de da\u00f1os que se causasen a sus fincas o restituci\u00f3n, del mantenimiento de fuentes y callejas y otros compromisos.<\/li><\/ul><ul><li>Etc.<\/li><\/ul><\/li><\/ul>\n\n\n\n<blockquote class=\"wp-block-quote is-style-large is-layout-flow wp-block-quote-is-layout-flow\"><p>Por ello es tan importante la <strong>m\u00e1xima asistencia de propietarios de fincas r\u00fasticas<\/strong> de los tres pueblos, para votar a nuestra representante Gema Serrano en la Comisi\u00f3n.<\/p><\/blockquote>\n\n\n\n<p>Adjuntamos <a rel=\"noreferrer noopener\" href=\"http:\/\/www.lozoyuela.com\/2021\/10\/anuncio-de-convocatoria-para-la-constitucion-de-la-comision-de-control-del-coto-de-caza-m-10799\/\" target=\"_blank\">enlace<\/a>  a la convocatoria y orden del d\u00eda de la reuni\u00f3n publicada por el Ayuntamiento.<\/p>\n\n\n\n<p>No podemos contaros m\u00e1s pues no tenemos detalles de la convocatoria.<\/p>\n\n\n\n<p>Os esperamos a todos, ya que las decisiones sobre el Coto, que es un bien y patrimonio de los propietarios y nuestro fin es protegerlo y mejorarlo, corresponde tomarlas a los propietarios para conseguir tal fin y as\u00ed puedan cumplirse los compromisos firmados por nuestros abuelos y padres.<\/p>\n\n\n\n<p>Saludos cordiales<\/p>\n","protected":false},"excerpt":{"rendered":"<p>Estimados vecinos y propietarios: El Coto privado de Lozoyuela-Navas-Sieteiglesias, de cerca de 5.300 hect\u00e1reas y 5.251 fincas, naci\u00f3 el 1 de Octubre de 1981 con la firma de nuestros Abuelos y Padres como propietarios&#46;&#46;&#46;<\/p>\n","protected":false},"author":1,"featured_media":89,"comment_status":"open","ping_status":"closed","sticky":false,"template":"","format":"standard","meta":{"_seopress_robots_primary_cat":"none","_seopress_titles_title":"Coto de Caza de Lozoyuela","_seopress_titles_desc":"Antecedentes y logros \u00faltimos de los propietarios del Coto de Caza de Lozoyuela","_seopress_robots_index":"","footnotes":""},"categories":[29],"tags":[30,3],"class_list":["post-305","post","type-post","status-publish","format-standard","has-post-thumbnail","hentry","category-coto-de-caza","tag-coto-de-caza","tag-lozoyuela-navas-sieteiglesias"],"_links":{"self":[{"href":"https:\/\/vecinosypropietarios.org\/index.php?rest_route=\/wp\/v2\/posts\/305","targetHints":{"allow":["GET"]}}],"collection":[{"href":"https:\/\/vecinosypropietarios.org\/index.php?rest_route=\/wp\/v2\/posts"}],"about":[{"href":"https:\/\/vecinosypropietarios.org\/index.php?rest_route=\/wp\/v2\/types\/post"}],"author":[{"embeddable":true,"href":"https:\/\/vecinosypropietarios.org\/index.php?rest_route=\/wp\/v2\/users\/1"}],"replies":[{"embeddable":true,"href":"https:\/\/vecinosypropietarios.org\/index.php?rest_route=%2Fwp%2Fv2%2Fcomments&post=305"}],"version-history":[{"count":2,"href":"https:\/\/vecinosypropietarios.org\/index.php?rest_route=\/wp\/v2\/posts\/305\/revisions"}],"predecessor-version":[{"id":308,"href":"https:\/\/vecinosypropietarios.org\/index.php?rest_route=\/wp\/v2\/posts\/305\/revisions\/308"}],"wp:featuredmedia":[{"embeddable":true,"href":"https:\/\/vecinosypropietarios.org\/index.php?rest_route=\/wp\/v2\/media\/89"}],"wp:attachment":[{"href":"https:\/\/vecinosypropietarios.org\/index.php?rest_route=%2Fwp%2Fv2%2Fmedia&parent=305"}],"wp:term":[{"taxonomy":"category","embeddable":true,"href":"https:\/\/vecinosypropietarios.org\/index.php?rest_route=%2Fwp%2Fv2%2Fcategories&post=305"},{"taxonomy":"post_tag","embeddable":true,"href":"https:\/\/vecinosypropietarios.org\/index.php?rest_route=%2Fwp%2Fv2%2Ftags&post=305"}],"curies":[{"name":"wp","href":"https:\/\/api.w.org\/{rel}","templated":true}]}}