{"id":382,"date":"2021-12-18T19:02:40","date_gmt":"2021-12-18T18:02:40","guid":{"rendered":"https:\/\/vecinosypropietarios.org\/?p=382"},"modified":"2022-04-15T10:36:45","modified_gmt":"2022-04-15T09:36:45","slug":"peticion-al-ayuntamiento-sobre-el-coto-de-caza","status":"publish","type":"post","link":"https:\/\/vecinosypropietarios.org\/?p=382","title":{"rendered":"Petici\u00f3n al Ayuntamiento sobre el Coto de Caza"},"content":{"rendered":"\n<figure class=\"wp-block-image size-full\"><img loading=\"lazy\" decoding=\"async\" width=\"1024\" height=\"481\" src=\"https:\/\/vecinosypropietarios.org\/wp-content\/uploads\/2021\/03\/5-e1639851875219.jpg\" alt=\"Coto de Caza de Lozoyuela\" class=\"wp-image-89\" srcset=\"https:\/\/vecinosypropietarios.org\/wp-content\/uploads\/2021\/03\/5-e1639851875219.jpg 1024w, https:\/\/vecinosypropietarios.org\/wp-content\/uploads\/2021\/03\/5-e1639851875219-300x141.jpg 300w, https:\/\/vecinosypropietarios.org\/wp-content\/uploads\/2021\/03\/5-e1639851875219-768x361.jpg 768w, https:\/\/vecinosypropietarios.org\/wp-content\/uploads\/2021\/03\/5-e1639851875219-520x245.jpg 520w\" sizes=\"auto, (max-width: 1024px) 100vw, 1024px\" \/><\/figure>\n\n\n\n<p>Estimados vecinos:<\/p>\n\n\n\n<p>Os informamos que tras dos meses de celebrarse la reuni\u00f3n de propietarios de fincas rusticas que conforman el <a href=\"https:\/\/vecinosypropietarios.org\/?p=315\">Coto de Caza<\/a>, para la constituci\u00f3n de la Comisi\u00f3n de Control del mismo, hemos pedido lo siguiente al Ayuntamiento:<\/p>\n\n\n\n<ol class=\"wp-block-list\"><li>El acta de la reuni\u00f3n del 22 de octubre 2021 de los propietarios de fincas rusticas que conforman el coto.<\/li><li>Se admita la propuesta del orden del d\u00eda para la pr\u00f3xima reuni\u00f3n de la CCC<\/li><\/ol>\n\n\n\n<div class=\"wp-block-file\"><a id=\"wp-block-file--media-4969afc1-e853-4971-8447-d8a801661ad9\" href=\"https:\/\/vecinosypropietarios.org\/wp-content\/uploads\/2021\/12\/COMISION-DE-CONTROL-DEL-COTO-1-orden-del-dia-propuesto.pdf\">COMISION-DE-CONTROL-DEL-COTO-1-orden-del-dia-propuesto<\/a><a href=\"https:\/\/vecinosypropietarios.org\/wp-content\/uploads\/2021\/12\/COMISION-DE-CONTROL-DEL-COTO-1-orden-del-dia-propuesto.pdf\" class=\"wp-block-file__button\" download aria-describedby=\"wp-block-file--media-4969afc1-e853-4971-8447-d8a801661ad9\">Descarga<\/a><\/div>\n\n\n\n<ol class=\"wp-block-list\" start=\"3\" id=\"block-6536bed2-c9ff-4841-8277-fbe0af3af002\"><li>Se confirme la propuesta del d\u00eda 10 de Enero para la celebraci\u00f3n de la primera reuni\u00f3n operativa de la CCC, que tal como se expres\u00f3 es necesaria para iniciar acciones y para dejar definida la forma y fecha de reparto de los fondos, pues mayor retraso en esto ser\u00eda de dif\u00edcil explicaci\u00f3n a los propietarios.<\/li><\/ol>\n\n\n\n<p>Gracias a todos, os seguiremos informando<\/p>\n\n\n\n<p><br>Saludos<\/p>\n\n\n\n<p><\/p>\n","protected":false},"excerpt":{"rendered":"<p>Estimados vecinos: Os informamos que tras dos meses de celebrarse la reuni\u00f3n de propietarios de fincas rusticas que conforman el Coto de Caza, para la constituci\u00f3n de la Comisi\u00f3n de Control del mismo, hemos&#46;&#46;&#46;<\/p>\n","protected":false},"author":1,"featured_media":89,"comment_status":"open","ping_status":"closed","sticky":false,"template":"","format":"standard","meta":{"_seopress_robots_primary_cat":"36","_seopress_titles_title":"Petici\u00f3n al Ayuntamiento sobre el Coto de Caza %%Asociaci\u00f3n de Vecinos y Propietarios de Lozoyuela-Navas-Sieteiglesias%%","_seopress_titles_desc":"Propuesta de la AVP respecto al Coto de Caza de Lozoyuela-Navas-Sieteiglesias","_seopress_robots_index":"","footnotes":""},"categories":[29],"tags":[30,3,44],"class_list":["post-382","post","type-post","status-publish","format-standard","has-post-thumbnail","hentry","category-coto-de-caza","tag-coto-de-caza","tag-lozoyuela-navas-sieteiglesias","tag-m-10799"],"_links":{"self":[{"href":"https:\/\/vecinosypropietarios.org\/index.php?rest_route=\/wp\/v2\/posts\/382","targetHints":{"allow":["GET"]}}],"collection":[{"href":"https:\/\/vecinosypropietarios.org\/index.php?rest_route=\/wp\/v2\/posts"}],"about":[{"href":"https:\/\/vecinosypropietarios.org\/index.php?rest_route=\/wp\/v2\/types\/post"}],"author":[{"embeddable":true,"href":"https:\/\/vecinosypropietarios.org\/index.php?rest_route=\/wp\/v2\/users\/1"}],"replies":[{"embeddable":true,"href":"https:\/\/vecinosypropietarios.org\/index.php?rest_route=%2Fwp%2Fv2%2Fcomments&post=382"}],"version-history":[{"count":8,"href":"https:\/\/vecinosypropietarios.org\/index.php?rest_route=\/wp\/v2\/posts\/382\/revisions"}],"predecessor-version":[{"id":589,"href":"https:\/\/vecinosypropietarios.org\/index.php?rest_route=\/wp\/v2\/posts\/382\/revisions\/589"}],"wp:featuredmedia":[{"embeddable":true,"href":"https:\/\/vecinosypropietarios.org\/index.php?rest_route=\/wp\/v2\/media\/89"}],"wp:attachment":[{"href":"https:\/\/vecinosypropietarios.org\/index.php?rest_route=%2Fwp%2Fv2%2Fmedia&parent=382"}],"wp:term":[{"taxonomy":"category","embeddable":true,"href":"https:\/\/vecinosypropietarios.org\/index.php?rest_route=%2Fwp%2Fv2%2Fcategories&post=382"},{"taxonomy":"post_tag","embeddable":true,"href":"https:\/\/vecinosypropietarios.org\/index.php?rest_route=%2Fwp%2Fv2%2Ftags&post=382"}],"curies":[{"name":"wp","href":"https:\/\/api.w.org\/{rel}","templated":true}]}}