{"id":465,"date":"2022-03-16T22:10:37","date_gmt":"2022-03-16T21:10:37","guid":{"rendered":"https:\/\/vecinosypropietarios.org\/?p=465"},"modified":"2022-04-15T11:41:39","modified_gmt":"2022-04-15T10:41:39","slug":"comunicado-sobre-la-primera-reunion-de-la-comision-de-control-de-coto-de-caza","status":"publish","type":"post","link":"https:\/\/vecinosypropietarios.org\/?p=465","title":{"rendered":"Primera reuni\u00f3n de la Comisi\u00f3n de Control de Coto de Caza"},"content":{"rendered":"\n<p>Estimados vecinos y Propietarios:<\/p>\n\n\n\n<p><br>En Octubre de 2021 se celebr\u00f3 la primera asamblea de propietarios del Coto, de la que salieron acciones concretas que deber\u00edamos haber tenido reflejadas en acta a los pocos d\u00edas. Entre otras acciones estaba la de celebrar la primera reuni\u00f3n de la comisi\u00f3n antes del inicio de la temporada de caza y con ello establecer ya los cauces de comunicaci\u00f3n y colaboraci\u00f3n, que es de lo que se trata, reuni\u00f3n no celebrada por decisi\u00f3n unilateral del Ayuntamiento, que, tras la necesaria insistencia por nuestra parte, por diferentes v\u00edas, nos ha convocado para ma\u00f1ana d\u00eda 17 de Marzo, de la que os daremos cumplida informaci\u00f3n de lo que resulte, pero que la Asociaci\u00f3n, a este momento, todav\u00eda no ha recibido el borrador del Acta de la Asamblea de Octubre de 2021.<\/p>\n\n\n\n<figure class=\"wp-block-image size-large is-resized\"><img loading=\"lazy\" decoding=\"async\" src=\"https:\/\/vecinosypropietarios.org\/wp-content\/uploads\/2021\/03\/4-1024x768.jpg\" alt=\"Lozoyuela_Navas-Sieteiglesias,Coto de Caza Lozoyuela,M-10799\" class=\"wp-image-88\" width=\"768\" height=\"576\" srcset=\"https:\/\/vecinosypropietarios.org\/wp-content\/uploads\/2021\/03\/4-1024x768.jpg 1024w, https:\/\/vecinosypropietarios.org\/wp-content\/uploads\/2021\/03\/4-300x225.jpg 300w, https:\/\/vecinosypropietarios.org\/wp-content\/uploads\/2021\/03\/4-768x576.jpg 768w, https:\/\/vecinosypropietarios.org\/wp-content\/uploads\/2021\/03\/4-1536x1152.jpg 1536w, https:\/\/vecinosypropietarios.org\/wp-content\/uploads\/2021\/03\/4.jpg 1600w\" sizes=\"auto, (max-width: 768px) 100vw, 768px\" \/><\/figure>\n\n\n\n<p>El 2 de marzo recibimos respuesta del Alcalde a nuestro escrito del 23 de febrero, del que os informamos por este medio y donde expresaba los asuntos de la forma en la que puede hacerlo alguien que no asisti\u00f3 a la Asamblea, por resumir, por lo que nos vemos obligados y antes de la reuni\u00f3n de ma\u00f1ana, reflejar dejar por escrito y claras las diferencias entre sus apreciaciones y lo hablado y acordado en la Asamblea de propietarios de fincas que componen el Coto.<\/p>\n\n\n\n<p><\/p>\n\n\n\n<div data-wp-interactive=\"core\/file\" class=\"wp-block-file\"><object data-wp-bind--hidden=\"!state.hasPdfPreview\" hidden class=\"wp-block-file__embed\" data=\"https:\/\/vecinosypropietarios.org\/wp-content\/uploads\/2022\/03\/20220302_Comunicacio\u0301n_Carta_Contestacio\u0301n-AVP-marzo-2022.pdf\" type=\"application\/pdf\" style=\"width:100%;height:600px\" aria-label=\"Incrustado de Incrustado de 20220302_Comunicacio\u0301n_Carta_Contestacio\u0301n-AVP-marzo-2022..\"><\/object><a id=\"wp-block-file--media-6944101f-81d9-4572-b578-5853e904a02d\" href=\"https:\/\/vecinosypropietarios.org\/wp-content\/uploads\/2022\/03\/20220302_Comunicacio\u0301n_Carta_Contestacio\u0301n-AVP-marzo-2022.pdf\">20220302_Comunicacio\u0301n_Carta_Contestacio\u0301n-AVP-marzo-2022<\/a><a href=\"https:\/\/vecinosypropietarios.org\/wp-content\/uploads\/2022\/03\/20220302_Comunicacio\u0301n_Carta_Contestacio\u0301n-AVP-marzo-2022.pdf\" class=\"wp-block-file__button\" download aria-describedby=\"wp-block-file--media-6944101f-81d9-4572-b578-5853e904a02d\">Descarga<\/a><\/div>\n\n\n\n<div data-wp-interactive=\"core\/file\" class=\"wp-block-file\"><object data-wp-bind--hidden=\"!state.hasPdfPreview\" hidden class=\"wp-block-file__embed\" data=\"https:\/\/vecinosypropietarios.org\/wp-content\/uploads\/2022\/03\/Respuesta-registrada-AVP-1.pdf\" type=\"application\/pdf\" style=\"width:100%;height:600px\" aria-label=\"Incrustado de Incrustado de Respuesta-registrada-AVP-1..\"><\/object><a id=\"wp-block-file--media-760b8eb7-999d-4d64-9e84-3b7ce9429cbe\" href=\"https:\/\/vecinosypropietarios.org\/wp-content\/uploads\/2022\/03\/Respuesta-registrada-AVP-1.pdf\">Respuesta-registrada-AVP-1<\/a><a href=\"https:\/\/vecinosypropietarios.org\/wp-content\/uploads\/2022\/03\/Respuesta-registrada-AVP-1.pdf\" class=\"wp-block-file__button\" download aria-describedby=\"wp-block-file--media-760b8eb7-999d-4d64-9e84-3b7ce9429cbe\">Descarga<\/a><\/div>\n\n\n\n<p>Saludos<\/p>\n","protected":false},"excerpt":{"rendered":"<p>Estimados vecinos y Propietarios: En Octubre de 2021 se celebr\u00f3 la primera asamblea de propietarios del Coto, de la que salieron acciones concretas que deber\u00edamos haber tenido reflejadas en acta a los pocos d\u00edas.&#46;&#46;&#46;<\/p>\n","protected":false},"author":1,"featured_media":429,"comment_status":"open","ping_status":"closed","sticky":false,"template":"","format":"standard","meta":{"_seopress_robots_primary_cat":"none","_seopress_titles_title":"Comunicado sobre la primera reuni\u00f3n de la Comisi\u00f3n de Control de Coto de Caza","_seopress_titles_desc":"","_seopress_robots_index":"","footnotes":""},"categories":[29],"tags":[30,4,3,5,6],"class_list":["post-465","post","type-post","status-publish","format-standard","has-post-thumbnail","hentry","category-coto-de-caza","tag-coto-de-caza","tag-lozoyuela","tag-lozoyuela-navas-sieteiglesias","tag-navas","tag-sieteiglesias"],"_links":{"self":[{"href":"https:\/\/vecinosypropietarios.org\/index.php?rest_route=\/wp\/v2\/posts\/465","targetHints":{"allow":["GET"]}}],"collection":[{"href":"https:\/\/vecinosypropietarios.org\/index.php?rest_route=\/wp\/v2\/posts"}],"about":[{"href":"https:\/\/vecinosypropietarios.org\/index.php?rest_route=\/wp\/v2\/types\/post"}],"author":[{"embeddable":true,"href":"https:\/\/vecinosypropietarios.org\/index.php?rest_route=\/wp\/v2\/users\/1"}],"replies":[{"embeddable":true,"href":"https:\/\/vecinosypropietarios.org\/index.php?rest_route=%2Fwp%2Fv2%2Fcomments&post=465"}],"version-history":[{"count":7,"href":"https:\/\/vecinosypropietarios.org\/index.php?rest_route=\/wp\/v2\/posts\/465\/revisions"}],"predecessor-version":[{"id":612,"href":"https:\/\/vecinosypropietarios.org\/index.php?rest_route=\/wp\/v2\/posts\/465\/revisions\/612"}],"wp:featuredmedia":[{"embeddable":true,"href":"https:\/\/vecinosypropietarios.org\/index.php?rest_route=\/wp\/v2\/media\/429"}],"wp:attachment":[{"href":"https:\/\/vecinosypropietarios.org\/index.php?rest_route=%2Fwp%2Fv2%2Fmedia&parent=465"}],"wp:term":[{"taxonomy":"category","embeddable":true,"href":"https:\/\/vecinosypropietarios.org\/index.php?rest_route=%2Fwp%2Fv2%2Fcategories&post=465"},{"taxonomy":"post_tag","embeddable":true,"href":"https:\/\/vecinosypropietarios.org\/index.php?rest_route=%2Fwp%2Fv2%2Ftags&post=465"}],"curies":[{"name":"wp","href":"https:\/\/api.w.org\/{rel}","templated":true}]}}