{"id":494,"date":"2022-03-28T22:08:08","date_gmt":"2022-03-28T21:08:08","guid":{"rendered":"https:\/\/vecinosypropietarios.org\/?p=494"},"modified":"2022-04-15T10:21:36","modified_gmt":"2022-04-15T09:21:36","slug":"pregunta-de-la-avp-sobre-el-cbep-en-el-pleno","status":"publish","type":"post","link":"https:\/\/vecinosypropietarios.org\/?p=494","title":{"rendered":"Pregunta de la AVP sobre el CBEP en el pleno"},"content":{"rendered":"\n<p>Estimados amigos:<\/p>\n\n\n\n<p><\/p>\n\n\n\n<p>Como sab\u00e9is, despu\u00e9s de 2 a\u00f1os sin tener noticias oficiales del Ayuntamiento sobre el Cat\u00e1logo de Bienes Protegidos (CBEP), en el Pleno del Ayuntamiento del d\u00eda 28 de febrero de 2022 el Alcalde contest\u00f3, a pregunta concreta de esta Asociaci\u00f3n, pero no concret\u00f3:<\/p>\n\n\n\n<figure class=\"wp-block-embed is-type-video is-provider-youtube wp-block-embed-youtube wp-embed-aspect-16-9 wp-has-aspect-ratio\"><div class=\"wp-block-embed__wrapper\">\n<div class=\"video-container\"><iframe loading=\"lazy\" title=\"Sesi\u00f3n Ordinaria del Pleno Municipal del d\u00eda 28-02-2022. Ayto. de Lozoyuela-Navas-Sieteiglesias\" width=\"500\" height=\"281\" src=\"https:\/\/www.youtube.com\/embed\/JkOV-VOUyxs?start=2597&#038;feature=oembed&#038;wmode=opaque\" frameborder=\"0\" allow=\"accelerometer; autoplay; clipboard-write; encrypted-media; gyroscope; picture-in-picture; web-share\" referrerpolicy=\"strict-origin-when-cross-origin\" allowfullscreen><\/iframe><\/div>\n<\/div><\/figure>\n\n\n\n<figure class=\"wp-block-image size-large\"><img loading=\"lazy\" decoding=\"async\" width=\"1024\" height=\"768\" src=\"https:\/\/vecinosypropietarios.org\/wp-content\/uploads\/2021\/02\/Parroquia_en_Lozoyuela-1024x768.jpg\" alt=\"\" class=\"wp-image-35\" srcset=\"https:\/\/vecinosypropietarios.org\/wp-content\/uploads\/2021\/02\/Parroquia_en_Lozoyuela-1024x768.jpg 1024w, https:\/\/vecinosypropietarios.org\/wp-content\/uploads\/2021\/02\/Parroquia_en_Lozoyuela-300x225.jpg 300w, https:\/\/vecinosypropietarios.org\/wp-content\/uploads\/2021\/02\/Parroquia_en_Lozoyuela-768x576.jpg 768w, https:\/\/vecinosypropietarios.org\/wp-content\/uploads\/2021\/02\/Parroquia_en_Lozoyuela-1536x1152.jpg 1536w, https:\/\/vecinosypropietarios.org\/wp-content\/uploads\/2021\/02\/Parroquia_en_Lozoyuela.jpg 1856w\" sizes=\"auto, (max-width: 1024px) 100vw, 1024px\" \/><\/figure>\n\n\n\n<p><\/p>\n\n\n\n<p>Respuesta dada a la AVP:<\/p>\n\n\n\n<p><\/p>\n\n\n\n<div data-wp-interactive=\"core\/file\" class=\"wp-block-file\"><object data-wp-bind--hidden=\"!state.hasPdfPreview\" hidden class=\"wp-block-file__embed\" data=\"https:\/\/vecinosypropietarios.org\/wp-content\/uploads\/2022\/03\/Comunicacion_Orden-del-di\u0301a_Contestacio\u0301n_CBEP.pdf\" type=\"application\/pdf\" style=\"width:100%;height:600px\" aria-label=\"Incrustado de Incrustado de Comunicacion_Orden del di\u0301a_Contestacio\u0301n_CBEP..\"><\/object><a id=\"wp-block-file--media-81b0467c-29cf-44ff-9d16-c3d4c45ff5b4\" href=\"https:\/\/vecinosypropietarios.org\/wp-content\/uploads\/2022\/03\/Comunicacion_Orden-del-di\u0301a_Contestacio\u0301n_CBEP.pdf\">Comunicacion_Orden del di\u0301a_Contestacio\u0301n_CBEP<\/a><a href=\"https:\/\/vecinosypropietarios.org\/wp-content\/uploads\/2022\/03\/Comunicacion_Orden-del-di\u0301a_Contestacio\u0301n_CBEP.pdf\" class=\"wp-block-file__button\" download aria-describedby=\"wp-block-file--media-81b0467c-29cf-44ff-9d16-c3d4c45ff5b4\">Descarga<\/a><\/div>\n\n\n\n<p>La contestaci\u00f3n del Alcalde es el resultado de nuestra queja formal en la Consejer\u00eda de Administraci\u00f3n Local y Digitalizaci\u00f3n de la Comunidad de Madrid a este largo periodo de silencio con la Asociaci\u00f3n y los vecinos, para ello debemos recordar que despu\u00e9s del pleno extraordinario para anular el CBEP en febrero de 2020, que fue una decepci\u00f3n para todos nosotros, no se contest\u00f3 a ninguno de nuestros escritos donde se inform\u00f3 y cuestionaron las muchas irregularidades entorno al CBEP y su marco normativo y se daban soluciones por la Asociaci\u00f3n.<\/p>\n\n\n\n<p><br>Ya son dos a\u00f1os manteniendo una postura que ha da\u00f1ado y sigue da\u00f1ando al pueblo por la par\u00e1lisis urban\u00edstica, y, por tanto, econ\u00f3mica, por la huida de inversiones y la inseguridad jur\u00eddica, situaci\u00f3n que desgraciadamente continuar\u00e1 as\u00ed de mal hasta que se permita su resoluci\u00f3n en el marco normativo exigido, que empieza por derogar el CBEP y elaborar desde cero un cat\u00e1logo de bienes acorde a realidad local y con base en un ordenamiento urban\u00edstico en vigor o en desarrollo, que ahora no se produce.<\/p>\n\n\n\n<p><br>Por ello no se entiende la persistencia del Ayuntamiento en mantener y alargar la presente situaci\u00f3n y no explicar a los vecinos y propietarios la situaci\u00f3n de las m\u00e1s de doscientas propiedades afectadas y si lo siguen estando o se puede actuar sobre ellas, algo que de nuevo la asociaci\u00f3n pregunta al Ayuntamiento en escrito adjunto:<\/p>\n\n\n\n<div data-wp-interactive=\"core\/file\" class=\"wp-block-file\"><object data-wp-bind--hidden=\"!state.hasPdfPreview\" hidden class=\"wp-block-file__embed\" data=\"https:\/\/vecinosypropietarios.org\/wp-content\/uploads\/2022\/03\/CBEP_contestacion_Alcalde.pdf\" type=\"application\/pdf\" style=\"width:100%;height:600px\" aria-label=\"Incrustado de Incrustado de CBEP_contestacion_Alcalde..\"><\/object><a id=\"wp-block-file--media-b5c759cc-e6f7-4cff-a1ba-42ba574e87bd\" href=\"https:\/\/vecinosypropietarios.org\/wp-content\/uploads\/2022\/03\/CBEP_contestacion_Alcalde.pdf\">CBEP_contestacion_Alcalde<\/a><a href=\"https:\/\/vecinosypropietarios.org\/wp-content\/uploads\/2022\/03\/CBEP_contestacion_Alcalde.pdf\" class=\"wp-block-file__button\" download aria-describedby=\"wp-block-file--media-b5c759cc-e6f7-4cff-a1ba-42ba574e87bd\">Descarga<\/a><\/div>\n\n\n\n<p>Saludos<\/p>\n","protected":false},"excerpt":{"rendered":"<p>Estimados amigos: Como sab\u00e9is, despu\u00e9s de 2 a\u00f1os sin tener noticias oficiales del Ayuntamiento sobre el Cat\u00e1logo de Bienes Protegidos (CBEP), en el Pleno del Ayuntamiento del d\u00eda 28 de febrero de 2022 el&#46;&#46;&#46;<\/p>\n","protected":false},"author":1,"featured_media":35,"comment_status":"open","ping_status":"closed","sticky":false,"template":"","format":"standard","meta":{"_seopress_robots_primary_cat":"none","_seopress_titles_title":"Pregunta de la AVP sobre el CBEP en el pleno","_seopress_titles_desc":"CBEP Lozoyuela","_seopress_robots_index":"","footnotes":""},"categories":[7,61],"tags":[2,4,3,5],"class_list":["post-494","post","type-post","status-publish","format-standard","has-post-thumbnail","hentry","category-cbep","category-pleno","tag-cbep","tag-lozoyuela","tag-lozoyuela-navas-sieteiglesias","tag-navas"],"_links":{"self":[{"href":"https:\/\/vecinosypropietarios.org\/index.php?rest_route=\/wp\/v2\/posts\/494","targetHints":{"allow":["GET"]}}],"collection":[{"href":"https:\/\/vecinosypropietarios.org\/index.php?rest_route=\/wp\/v2\/posts"}],"about":[{"href":"https:\/\/vecinosypropietarios.org\/index.php?rest_route=\/wp\/v2\/types\/post"}],"author":[{"embeddable":true,"href":"https:\/\/vecinosypropietarios.org\/index.php?rest_route=\/wp\/v2\/users\/1"}],"replies":[{"embeddable":true,"href":"https:\/\/vecinosypropietarios.org\/index.php?rest_route=%2Fwp%2Fv2%2Fcomments&post=494"}],"version-history":[{"count":4,"href":"https:\/\/vecinosypropietarios.org\/index.php?rest_route=\/wp\/v2\/posts\/494\/revisions"}],"predecessor-version":[{"id":582,"href":"https:\/\/vecinosypropietarios.org\/index.php?rest_route=\/wp\/v2\/posts\/494\/revisions\/582"}],"wp:featuredmedia":[{"embeddable":true,"href":"https:\/\/vecinosypropietarios.org\/index.php?rest_route=\/wp\/v2\/media\/35"}],"wp:attachment":[{"href":"https:\/\/vecinosypropietarios.org\/index.php?rest_route=%2Fwp%2Fv2%2Fmedia&parent=494"}],"wp:term":[{"taxonomy":"category","embeddable":true,"href":"https:\/\/vecinosypropietarios.org\/index.php?rest_route=%2Fwp%2Fv2%2Fcategories&post=494"},{"taxonomy":"post_tag","embeddable":true,"href":"https:\/\/vecinosypropietarios.org\/index.php?rest_route=%2Fwp%2Fv2%2Ftags&post=494"}],"curies":[{"name":"wp","href":"https:\/\/api.w.org\/{rel}","templated":true}]}}