{"id":571,"date":"2022-04-14T08:47:28","date_gmt":"2022-04-14T07:47:28","guid":{"rendered":"https:\/\/vecinosypropietarios.org\/?p=571"},"modified":"2022-04-14T09:43:54","modified_gmt":"2022-04-14T08:43:54","slug":"carretera-de-las-navas-anulado-anteproyecto","status":"publish","type":"post","link":"https:\/\/vecinosypropietarios.org\/?p=571","title":{"rendered":"Carretera de Las Navas anulado anteproyecto"},"content":{"rendered":"\n<p>POR DEFICIENCIAS JURIDICAS Y TECNICAS DE BASE<\/p>\n\n\n\n<figure class=\"wp-block-gallery has-nested-images columns-default is-cropped wp-block-gallery-1 is-layout-flex wp-block-gallery-is-layout-flex\">\n<figure class=\"wp-block-image size-full\"><img loading=\"lazy\" decoding=\"async\" width=\"496\" height=\"248\" data-id=\"327\" src=\"https:\/\/vecinosypropietarios.org\/wp-content\/uploads\/2021\/12\/m-913_1.jpg\" alt=\"\" class=\"wp-image-327\" srcset=\"https:\/\/vecinosypropietarios.org\/wp-content\/uploads\/2021\/12\/m-913_1.jpg 496w, https:\/\/vecinosypropietarios.org\/wp-content\/uploads\/2021\/12\/m-913_1-300x150.jpg 300w\" sizes=\"auto, (max-width: 496px) 100vw, 496px\" \/><figcaption>Carretera de Las Navas<\/figcaption><\/figure>\n<\/figure>\n\n\n\n<p><\/p>\n\n\n\n<p> Seguimos hablando del pleno del Ayuntamiento del 28 de febrero de 2022, donde el Alcalde &nbsp;comunic\u00f3 que el anteproyecto para la mejora de la carretera, aprobado por la v\u00eda de urgencia, debe anularse, reconociendo la causa y por orden de la Comunidad de Madrid por los incumplimientos legales y normativos de base del mismo encontrados y advertidos por \u00e9sta Asociaci\u00f3n al Ayuntamiento que pod\u00e9is consultar en <a href=\"https:\/\/vecinosypropietarios.org\/?p=324\">https:\/\/vecinosypropietarios.org\/?p=324<\/a><\/p>\n\n\n\n<p>&nbsp;En el informe \u00e9sta Asociaci\u00f3n aport\u00f3 alternativas que podr\u00edan dar soluci\u00f3n racional, econ\u00f3mica y segura, y seguiremos insistiendo en que se busque y defienda la f\u00f3rmula para que podamos tener una carretera respetuosa con el entorno medioambiental, con los derechos de los propietarios y con el derecho de todos por una carretera segura con todas las garant\u00edas jur\u00eddicas y t\u00e9cnicas y que no ponga en ruina el Municipio.<\/p>\n\n\n\n<p>&nbsp;Sentimos la torpeza de que en \u00e9sta como otras actuaciones de \u00e9ste Ayuntamiento no hayan contado con la participaci\u00f3n previa activa y real de los vecinos ni la fiabilidad legal y t\u00e9cnica exigida a los t\u00e9cnicos municipales, lo que hubiese evitado, de nuevo, situarnos en inseguridad jur\u00eddica y legal y malgastar esfuerzos y recursos econ\u00f3micos asociados, eso s\u00ed, hemos evitado males mayores, como el propio Alcalde reconoci\u00f3 en el Pleno y en la respuesta dada al recurso presentado, que aqui adjuntamos <\/p>\n\n\n\n<p>Video del pleno del punto M913 : <a href=\"https:\/\/youtu.be\/JkOV-VOUyxs?t=590\">Video adjunto<\/a><\/p>\n\n\n\n<p>Respuesta del Ayuntamiento a Recurso Oposici\u00f3n presentado : <a href=\"https:\/\/vecinosypropietarios.org\/BD%20DOC\/M913\/M913%2020220302_Revocan%20expropiacion%20Notificaci\u00f3n_Notificaci\u00f3n_Notificaci\u00f3n.pdf\">Documento adjunto<\/a><\/p>\n","protected":false},"excerpt":{"rendered":"<p>POR DEFICIENCIAS JURIDICAS Y TECNICAS DE BASE Seguimos hablando del pleno del Ayuntamiento del 28 de febrero de 2022, donde el Alcalde &nbsp;comunic\u00f3 que el anteproyecto para la mejora de la carretera, aprobado por&#46;&#46;&#46;<\/p>\n","protected":false},"author":1,"featured_media":327,"comment_status":"open","ping_status":"closed","sticky":false,"template":"","format":"standard","meta":{"_seopress_robots_primary_cat":"none","_seopress_titles_title":"","_seopress_titles_desc":"","_seopress_robots_index":"","footnotes":""},"categories":[43],"tags":[45],"class_list":["post-571","post","type-post","status-publish","format-standard","has-post-thumbnail","hentry","category-m-913","tag-carretera-de-las-navas"],"_links":{"self":[{"href":"https:\/\/vecinosypropietarios.org\/index.php?rest_route=\/wp\/v2\/posts\/571","targetHints":{"allow":["GET"]}}],"collection":[{"href":"https:\/\/vecinosypropietarios.org\/index.php?rest_route=\/wp\/v2\/posts"}],"about":[{"href":"https:\/\/vecinosypropietarios.org\/index.php?rest_route=\/wp\/v2\/types\/post"}],"author":[{"embeddable":true,"href":"https:\/\/vecinosypropietarios.org\/index.php?rest_route=\/wp\/v2\/users\/1"}],"replies":[{"embeddable":true,"href":"https:\/\/vecinosypropietarios.org\/index.php?rest_route=%2Fwp%2Fv2%2Fcomments&post=571"}],"version-history":[{"count":4,"href":"https:\/\/vecinosypropietarios.org\/index.php?rest_route=\/wp\/v2\/posts\/571\/revisions"}],"predecessor-version":[{"id":576,"href":"https:\/\/vecinosypropietarios.org\/index.php?rest_route=\/wp\/v2\/posts\/571\/revisions\/576"}],"wp:featuredmedia":[{"embeddable":true,"href":"https:\/\/vecinosypropietarios.org\/index.php?rest_route=\/wp\/v2\/media\/327"}],"wp:attachment":[{"href":"https:\/\/vecinosypropietarios.org\/index.php?rest_route=%2Fwp%2Fv2%2Fmedia&parent=571"}],"wp:term":[{"taxonomy":"category","embeddable":true,"href":"https:\/\/vecinosypropietarios.org\/index.php?rest_route=%2Fwp%2Fv2%2Fcategories&post=571"},{"taxonomy":"post_tag","embeddable":true,"href":"https:\/\/vecinosypropietarios.org\/index.php?rest_route=%2Fwp%2Fv2%2Ftags&post=571"}],"curies":[{"name":"wp","href":"https:\/\/api.w.org\/{rel}","templated":true}]}}