{"id":754,"date":"2022-09-07T11:10:22","date_gmt":"2022-09-07T10:10:22","guid":{"rendered":"https:\/\/vecinosypropietarios.org\/?p=754"},"modified":"2022-09-07T12:24:21","modified_gmt":"2022-09-07T11:24:21","slug":"ha-pasado-donde-quien-lo-vio-quien-fue-si-paso","status":"publish","type":"post","link":"https:\/\/vecinosypropietarios.org\/?p=754","title":{"rendered":"\u00bfPas\u00f3 realmente? \u00bfQu\u00e9? \u00bfCu\u00e1ndo? \u00bfC\u00f3mo? \u00bfQui\u00e9n? \u00bfPorqu\u00e9?"},"content":{"rendered":"\n<figure class=\"wp-block-image size-full is-resized\"><img loading=\"lazy\" decoding=\"async\" src=\"https:\/\/vecinosypropietarios.org\/wp-content\/uploads\/2022\/09\/Basura-destapada.jpg\" alt=\"\" class=\"wp-image-756\" width=\"217\" height=\"221\" srcset=\"https:\/\/vecinosypropietarios.org\/wp-content\/uploads\/2022\/09\/Basura-destapada.jpg 497w, https:\/\/vecinosypropietarios.org\/wp-content\/uploads\/2022\/09\/Basura-destapada-295x300.jpg 295w, https:\/\/vecinosypropietarios.org\/wp-content\/uploads\/2022\/09\/Basura-destapada-80x80.jpg 80w\" sizes=\"auto, (max-width: 217px) 100vw, 217px\" \/><\/figure>\n\n\n\n<p>Estimados socios,<\/p>\n\n\n\n<p>&nbsp;&nbsp;&nbsp;&nbsp;&nbsp;&nbsp;&nbsp;&nbsp;&nbsp;&nbsp;&nbsp;&nbsp;&nbsp;&nbsp;&nbsp; La junta de la Asociaci\u00f3n de Vecinos y Propietarios de Lozoyuela-Navas-Sieteiglesias, por consejo de nuestros asesores legales, emite este comunicado a causa de las declaraciones del Sr. D\u00edaz Rodr\u00edguez en sus redes sociales, que conocimos el pasado d\u00eda 28-8-2022 al aportarlas al Chat privado de la Asociaci\u00f3n uno de nuestros socios.<\/p>\n\n\n\n<p>&nbsp;&nbsp;&nbsp;&nbsp;&nbsp;&nbsp;&nbsp;&nbsp;&nbsp;&nbsp;&nbsp;&nbsp;&nbsp;&nbsp;&nbsp; Esta Asociaci\u00f3n no puede mantenerse al margen de tan grave y no probada acusaci\u00f3n. Queremos quejarnos e informar de la situaci\u00f3n de constante persecuci\u00f3n a la Asociaci\u00f3n por parte del Sr. D\u00edaz en su medios por el simple hecho de que la Asociaci\u00f3n luche por su compromiso de pedir y buscar soluciones&nbsp; a los problemas del Pueblo, los m\u00e1s graves causados por \u00e9l.<\/p>\n\n\n\n<p>&nbsp;&nbsp;&nbsp;&nbsp;&nbsp;&nbsp;&nbsp;&nbsp;&nbsp;&nbsp;&nbsp;&nbsp;&nbsp;&nbsp;&nbsp; La Asociaci\u00f3n, desde su origen y por principio \u00e9tico, siempre act\u00faa desde el di\u00e1logo y la cooperaci\u00f3n, ambas defraudadas al sufrir la falta de palabra y respeto del Sr. D\u00edaz que nos enga\u00f1\u00f3 durante meses, descubriendo que nunca pretendi\u00f3 arreglar nada, malogrando un tiempo necesario para solucionar los problemas que se mantienen, y lo hizo sin ning\u00fan cargo de conciencia. Esto lo supimos cuando tras tales p\u00e9rdidas de tiempo y mareos por su parte le exigimos respuesta y hechos y nos dio portazo.<\/p>\n\n\n\n<p>&nbsp;&nbsp;&nbsp;&nbsp;&nbsp;&nbsp;&nbsp;&nbsp;&nbsp;&nbsp;&nbsp;&nbsp;&nbsp;&nbsp;&nbsp; Tras aquel episodio clarificador, no nos qued\u00f3 otra que ponerlo todo por escrito y por registro del Ayuntamiento y siempre comunic\u00e1rselo a los socios para que vieran que panorama ten\u00edamos enfrente. Tampoco se contestaron estos escritos oficiales y registrados, con todo el Pueblo de testigo, al estar ahora por escrito, de la nula voluntad de su Alcalde para resolver problemas esenciales para el Municipio y que \u00e9l mismo origin\u00f3.<\/p>\n\n\n\n<p>&nbsp;&nbsp;&nbsp;&nbsp;&nbsp;&nbsp;&nbsp;&nbsp;&nbsp;&nbsp;&nbsp;&nbsp;&nbsp;&nbsp;&nbsp; Se ha jugado a cansarnos y aburrirnos con el silencio, pero no se estim\u00f3 la fortaleza de la raz\u00f3n y de la uni\u00f3n por la defensa de un fin com\u00fan. Afortunadamente, contamos con enorme apoyo de tantos afectados (cada d\u00eda m\u00e1s) y se puede apreciar que los vecinos ahora conocen la realidad de la situaci\u00f3n existente, razones que han provocado el aumento del tono de la persecuci\u00f3n y el constante mancillar el nombre de la Asociaci\u00f3n y sus componentes. En esta situaci\u00f3n y firmes en actuar por v\u00edas civilizadas y de honor, no nos qued\u00f3 otra que ir a la v\u00eda judicial para resolver contenciosos como este, donde el de enfrente no tiene voluntad para resolverlo, mientras que los Vecinos y Propietarios tenemos razones y pruebas de la situaci\u00f3n y hechos para ir por esta v\u00eda y nada que esconder.<\/p>\n\n\n\n<p>&nbsp;&nbsp;&nbsp;&nbsp;&nbsp;&nbsp;&nbsp;&nbsp;&nbsp;&nbsp;&nbsp;&nbsp;&nbsp;&nbsp;&nbsp; No es nada constructiva esta metodolog\u00eda utilizada por el Sr. D\u00edaz, y es descorazonador observar tal comportamiento nunca visto por estos lugares. Estamos aburridos por tener que desmentir tal acumulado de infundios que vuelca en su F.Book personal, todo sin sustento, sin aportar hechos, fechas, pruebas, papeles, etc., que quedan desmentidos por s\u00ed mismos, pero que exceden cualquier l\u00edmite. Por el contrario, la Asociaci\u00f3n siempre responde con hechos probados que van dejando al descubierto las falsedades e invenciones, lo que parece que a su vez eleve el grado de invenci\u00f3n, siempre con el fin de quitar de en medio a quienes le dejan en evidencia porque sabe que no nos rendiremos hasta&nbsp; que no resolvamos la situaci\u00f3n, est\u00e9 \u00e9l o no, ya se ver\u00e1.<\/p>\n\n\n\n<p>&nbsp;&nbsp;&nbsp;&nbsp;&nbsp;&nbsp;&nbsp;&nbsp;&nbsp;&nbsp;&nbsp;&nbsp;&nbsp;&nbsp;&nbsp; Sus graves acusaciones fuera de contexto, con interpretaci\u00f3n sesgada, elaborada, forzada y parcial, vil por su alcance, sin pruebas ni testigos y sin fundamento, hace que nos reservemos acciones judiciales, sobre todo por como fuerza una conexi\u00f3n inexistente entre mensajes que saca de contexto y de sentido de un Chat privado, con un \u201cincidente\u201d que dice ocurri\u00f3 en Sieteiglesias, el cual nadie recuerda que ocurriese, como \u00e9l lo relata, y de haberse producido deber\u00eda haber intervenido la Guardia Civil, se sabr\u00eda qui\u00e9n, c\u00f3mo, cu\u00e1ndo y porqu\u00e9 y habr\u00eda informe y testigos para poder creerle, que con sus antecedentes es algo requerido.<\/p>\n\n\n\n<p>&nbsp;&nbsp;&nbsp;&nbsp;&nbsp;&nbsp;&nbsp;&nbsp;&nbsp;&nbsp;&nbsp;&nbsp;&nbsp;&nbsp;&nbsp; Las normas de la Asociaci\u00f3n, del Chat y nuestra propia trayectoria constructiva y por los cauces civilizados siempre, con un trabajo plasmado, presente y a la luz en nuestra Web, en el Registro del Ayuntamiento, en prensa como Senda Norte y en los Juzgados de Madrid, siempre con hechos probados (el \u00faltimo mostrando documentos del Juzgado) evidencian la actitud obstruccionista y de retardar a la justicia que existe y \u00bfpor qu\u00e9?.<\/p>\n\n\n\n<p>&nbsp;&nbsp;&nbsp;&nbsp;&nbsp;&nbsp;&nbsp;&nbsp;&nbsp;&nbsp;&nbsp;&nbsp;&nbsp;&nbsp;&nbsp; Al Sr. D\u00edaz apenas se le ve por el Pueblo, y en las pocas ocasiones que aparece hace lo posible para que nadie le interpele, es sabedor de lo que ha acumulado y solo \u00e9l es el responsable de tener en contra a demasiados colectivos vecinales, comerciantes (Cierre de Avda. de Madrid), mayores (autob\u00fas lejos del centro del pueblo), ganaderos, propietarios (CBEP con 248 bienes en lugar de 27, Normas urban\u00edsticas fuera de orden y perjudiciales,\u2026), vecinos en general (Tasazo de basuras, hospital incierto,\u2026), \u2026&nbsp; \u201cDe esos &nbsp;polvos, r\u00e9cord en una legislatura, estos sus lodos\u201d, s\u00f3lo suyos, por eso lo de manchar&nbsp; a terceros para esconder sus responsabilidades y actos ya sobradamente conocidos y probados.<\/p>\n\n\n\n<p>&nbsp;&nbsp;&nbsp;&nbsp;&nbsp;&nbsp;&nbsp;&nbsp;&nbsp;&nbsp;&nbsp;&nbsp;&nbsp;&nbsp;&nbsp; Estimados socios, seguiremos por todas las v\u00edas que la ley nos permita defendiendo <strong><u>el inter\u00e9s general<\/u><\/strong>, est\u00e9 quien est\u00e9 en el Ayuntamiento, esperando que el pr\u00f3ximo dialogue, sea sincero, honesto y fiable y colabore con los vecinos que luchan por su pueblo, no los agreda por no aplaudirle.<\/p>\n\n\n\n<p>Saludos a todos<\/p>\n","protected":false},"excerpt":{"rendered":"<p>Estimados socios, &nbsp;&nbsp;&nbsp;&nbsp;&nbsp;&nbsp;&nbsp;&nbsp;&nbsp;&nbsp;&nbsp;&nbsp;&nbsp;&nbsp;&nbsp; La junta de la Asociaci\u00f3n de Vecinos y Propietarios de Lozoyuela-Navas-Sieteiglesias, por consejo de nuestros asesores legales, emite este comunicado a causa de las declaraciones del Sr. D\u00edaz Rodr\u00edguez en sus&#46;&#46;&#46;<\/p>\n","protected":false},"author":1,"featured_media":756,"comment_status":"open","ping_status":"closed","sticky":false,"template":"","format":"standard","meta":{"_seopress_robots_primary_cat":"none","_seopress_titles_title":"","_seopress_titles_desc":"","_seopress_robots_index":"","footnotes":""},"categories":[73,1],"tags":[],"class_list":["post-754","post","type-post","status-publish","format-standard","has-post-thumbnail","hentry","category-juzgados","category-uncategorized"],"_links":{"self":[{"href":"https:\/\/vecinosypropietarios.org\/index.php?rest_route=\/wp\/v2\/posts\/754","targetHints":{"allow":["GET"]}}],"collection":[{"href":"https:\/\/vecinosypropietarios.org\/index.php?rest_route=\/wp\/v2\/posts"}],"about":[{"href":"https:\/\/vecinosypropietarios.org\/index.php?rest_route=\/wp\/v2\/types\/post"}],"author":[{"embeddable":true,"href":"https:\/\/vecinosypropietarios.org\/index.php?rest_route=\/wp\/v2\/users\/1"}],"replies":[{"embeddable":true,"href":"https:\/\/vecinosypropietarios.org\/index.php?rest_route=%2Fwp%2Fv2%2Fcomments&post=754"}],"version-history":[{"count":2,"href":"https:\/\/vecinosypropietarios.org\/index.php?rest_route=\/wp\/v2\/posts\/754\/revisions"}],"predecessor-version":[{"id":758,"href":"https:\/\/vecinosypropietarios.org\/index.php?rest_route=\/wp\/v2\/posts\/754\/revisions\/758"}],"wp:featuredmedia":[{"embeddable":true,"href":"https:\/\/vecinosypropietarios.org\/index.php?rest_route=\/wp\/v2\/media\/756"}],"wp:attachment":[{"href":"https:\/\/vecinosypropietarios.org\/index.php?rest_route=%2Fwp%2Fv2%2Fmedia&parent=754"}],"wp:term":[{"taxonomy":"category","embeddable":true,"href":"https:\/\/vecinosypropietarios.org\/index.php?rest_route=%2Fwp%2Fv2%2Fcategories&post=754"},{"taxonomy":"post_tag","embeddable":true,"href":"https:\/\/vecinosypropietarios.org\/index.php?rest_route=%2Fwp%2Fv2%2Ftags&post=754"}],"curies":[{"name":"wp","href":"https:\/\/api.w.org\/{rel}","templated":true}]}}