{"id":862,"date":"2022-12-27T13:58:34","date_gmt":"2022-12-27T12:58:34","guid":{"rendered":"https:\/\/vecinosypropietarios.org\/?p=862"},"modified":"2022-12-29T11:42:14","modified_gmt":"2022-12-29T10:42:14","slug":"coto-sin-buenas-noticias-del-ayuntamiento","status":"publish","type":"post","link":"https:\/\/vecinosypropietarios.org\/?p=862","title":{"rendered":"COTO: Sin buenas noticias del Ayuntamiento"},"content":{"rendered":"\n<figure class=\"wp-block-image size-full\"><img loading=\"lazy\" decoding=\"async\" width=\"439\" height=\"296\" src=\"https:\/\/vecinosypropietarios.org\/wp-content\/uploads\/2021\/02\/4-1.jpg\" alt=\"\" class=\"wp-image-244\" srcset=\"https:\/\/vecinosypropietarios.org\/wp-content\/uploads\/2021\/02\/4-1.jpg 439w, https:\/\/vecinosypropietarios.org\/wp-content\/uploads\/2021\/02\/4-1-300x202.jpg 300w\" sizes=\"auto, (max-width: 439px) 100vw, 439px\" \/><\/figure>\n\n\n\n<p>Buenos d\u00edas estimados socios,<\/p>\n\n\n\n<p>&nbsp;&nbsp;&nbsp;&nbsp;&nbsp;&nbsp;&nbsp; Sentimos tener que informar que, a estas alturas, ya iniciada la quinta y \u00faltima temporada de Caza del contrato de explotaci\u00f3n&nbsp;del Coto de Lozoyuela-Navas-Sieteiglesias, no hay buenas noticias por parte del Ayuntamiento seg\u00fan se desprende del escrito que ha mandado por Email SOLO a un par de propietarios y donde:<\/p>\n\n\n\n<ul class=\"wp-block-list\"><li>No se da fecha de posible pago a los propietarios por la caza de las 5 temporadas, justificando el retraso por el volumen de trabajo que tienen, lo cual no es de recibo ya que empezaron hace unos meses cuando deber\u00edan haberlo hecho hace m\u00e1s de cuatro a\u00f1os.<\/li><li>Tampoco es explicable que no paguen a los propietarios seg\u00fan resuelvan que la documentaci\u00f3n del mismo es suficiente.<\/li><li>No se ha celebrado la reuni\u00f3n previa al inicio de temporada, ya la quinta y \u00faltima y tampoco la solicitada por miembros de la Comisi\u00f3n, incumpliendo los estatutos o procedimiento de forma flagrante el Sr. Alcalde.<\/li><li>No tenemos acta de la 1\u00aa reuni\u00f3n de la Comisi\u00f3n (celebrada el 17 de marzo de 2022).<\/li><li>No se ha presentado a la Comisi\u00f3n de Control del Coto y por escrito el estado de cuentas con el que se confirme el pago de las temporadas de caza por parte del Concesionario (LONASI).<\/li><\/ul>\n\n\n\n<p>\u00a0\u00a0\u00a0\u00a0\u00a0\u00a0\u00a0 Con esta situaci\u00f3n y para que no se cumpla el plazo l\u00edmite para reclamar el pago de la deuda (y nos quedemos sin cobrar), hemos elaborado un modelo de escrito (Pinche en la imagen para descargarlo)<\/p>\n\n\n\n<div class=\"wp-block-image\"><figure class=\"aligncenter size-large is-resized\"><a href=\"https:\/\/www.vecinosypropietarios.org\/BD%20DOC\/COTO\/COTO%20reclamar%20pago%20caza%2022%20V2.pdf\" target=\"_blank\" rel=\"noopener\"><img loading=\"lazy\" decoding=\"async\" src=\"https:\/\/vecinosypropietarios.org\/wp-content\/uploads\/2022\/12\/COTO-reclamar-pago-caza-dic-2022-img-726x1024.png\" alt=\"\" class=\"wp-image-866\" width=\"220\" height=\"311\" srcset=\"https:\/\/vecinosypropietarios.org\/wp-content\/uploads\/2022\/12\/COTO-reclamar-pago-caza-dic-2022-img-726x1024.png 726w, https:\/\/vecinosypropietarios.org\/wp-content\/uploads\/2022\/12\/COTO-reclamar-pago-caza-dic-2022-img-213x300.png 213w, https:\/\/vecinosypropietarios.org\/wp-content\/uploads\/2022\/12\/COTO-reclamar-pago-caza-dic-2022-img-768x1083.png 768w, https:\/\/vecinosypropietarios.org\/wp-content\/uploads\/2022\/12\/COTO-reclamar-pago-caza-dic-2022-img-1089x1536.png 1089w, https:\/\/vecinosypropietarios.org\/wp-content\/uploads\/2022\/12\/COTO-reclamar-pago-caza-dic-2022-img.png 1227w\" sizes=\"auto, (max-width: 220px) 100vw, 220px\" \/><\/a><\/figure><\/div>\n\n\n\n<p>a cumplimentar por cada propietario y registrar en el Ayuntamiento reclamando el pago de lo que a cada uno de nosotros corresponda por la caza de cinco temporadas, m\u00e1s las costas y los intereses de demora, lo que permitir\u00eda, si no se paga, reclamar la deuda en com\u00fan por otras v\u00edas.<\/p>\n\n\n\n<div class=\"wp-block-group\"><div class=\"wp-block-group__inner-container is-layout-flow wp-block-group-is-layout-flow\">\n<figure class=\"wp-block-pullquote\"><blockquote><p>\u00abEl escrito del Ayuntamiento no contiene ninguna justificaci\u00f3n fundamentada ni razonable al NO cobro de la caza <strong>tras casi CINCO a\u00f1os<\/strong> como tampoco a que no se celebren las reuniones de la Comisi\u00f3n de Control del Coto, asuntos graves&nbsp; en cualquier comunidad de propietarios\u00bb.<\/p><\/blockquote><\/figure>\n<\/div><\/div>\n\n\n\n<p>&nbsp;&nbsp;&nbsp;&nbsp;&nbsp;&nbsp;&nbsp; &nbsp;&nbsp;&nbsp;&nbsp;&nbsp;&nbsp;&nbsp; En esta situaci\u00f3n es de esperar que las juntas de propietarios de la <strong>Dehesa de Lozoyuela<\/strong>, <strong>los Comunes<\/strong> y <strong>Dehesa de Las Navas<\/strong> requieran al Ayuntamiento, junto con los propietarios particulares, y tambi\u00e9n as\u00ed lo requerir\u00e1 por registro esta Asociaci\u00f3n, a cumplir compromisos y obligaciones con los propietarios, pidiendo resuelva y no excuse, pues el pago deber\u00eda haberse hecho desde el primer a\u00f1o.<\/p>\n\n\n\n<p>&nbsp;&nbsp;&nbsp;&nbsp;&nbsp;&nbsp;&nbsp; En CINCO a\u00f1os ha habido tiempo m\u00e1s que de sobra para organizar el papeleo y los pagos, pero el Ayuntamiento demor\u00f3 el inicio de esta tarea hasta hace unos meses, ya en la cuarta temporada, desconocemos la raz\u00f3n, por lo que ahora es un insulto la excusa de la mucha tarea a realizar, casi cinco a\u00f1os despu\u00e9s.<\/p>\n\n\n\n<p>&nbsp;&nbsp;&nbsp;&nbsp;&nbsp;&nbsp;&nbsp; Es especialmente molesto y rechazable, por haber violado el principio \u00e9tico de equidad que garantiza&nbsp;la igualdad, el respeto, la justicia y la gesti\u00f3n responsable a todos los niveles y todas las partes, que, al parecer, el escrito del Ayuntamiento solo ha llegado a las juntas de la Dehesa y Comunes de Lozoyuela, no a la de la Dehesa de Las Navas, ni a los miembros de la Comisi\u00f3n de Control del Coto y tampoco a los propietarios minoritarios que son la mayor\u00eda, lo que es un acto inaceptable.<\/p>\n\n\n\n<p>&nbsp;&nbsp;&nbsp;&nbsp;&nbsp;&nbsp;&nbsp; Despu\u00e9s de nuestro \u00faltimo comunicado en la Web por la falta hechos y de noticias del Coto  <a rel=\"noreferrer noopener\" href=\"https:\/\/vecinosypropietarios.org\/?p=853\" target=\"_blank\">https:\/\/vecinosypropietarios.org\/?p=853<\/a>&nbsp;el Ayuntamiento rompi\u00f3 su silencio con allegados, aunque solo para explicar que no se hace nada y por tanto incumplir todos los compromisos con la Asamblea de Propietarios y con la Comisi\u00f3n de Control del Coto.<\/p>\n\n\n\n<p>&nbsp;&nbsp;&nbsp;&nbsp;&nbsp;&nbsp;&nbsp; Disculpen nuestros vecinos y propietarios, pero no podemos entender que se pueda producir una dejaci\u00f3n tan grave de responsabilidades tras cinco a\u00f1os.<\/p>\n\n\n\n<p>Saludos cordiales<\/p>\n\n\n\n<p>Pueden consultar antecedentes del asunto en la Web:<\/p>\n\n\n\n<p><a href=\"https:\/\/vecinosypropietarios.org\/?p=305\" target=\"_blank\" rel=\"noreferrer noopener\">https:\/\/vecinosypropietarios.org\/?p=305<\/a><br><a href=\"https:\/\/vecinosypropietarios.org\/?p=315\" target=\"_blank\" rel=\"noreferrer noopener\">https:\/\/vecinosypropietarios.org\/?p=315<\/a><br><a href=\"https:\/\/vecinosypropietarios.org\/?p=382\" target=\"_blank\" rel=\"noreferrer noopener\">https:\/\/vecinosypropietarios.org\/?p=382<\/a><br><a href=\"https:\/\/vecinosypropietarios.org\/?p=465\" target=\"_blank\" rel=\"noreferrer noopener\">https:\/\/vecinosypropietarios.org\/?p=465<\/a><br><a href=\"https:\/\/vecinosypropietarios.org\/?p=473\" target=\"_blank\" rel=\"noreferrer noopener\">https:\/\/vecinosypropietarios.org\/?p=473<\/a><br><a href=\"https:\/\/vecinosypropietarios.org\/?p=562\" target=\"_blank\" rel=\"noreferrer noopener\">https:\/\/vecinosypropietarios.org\/?p=562<\/a><br><a href=\"https:\/\/vecinosypropietarios.org\/?p=627\" target=\"_blank\" rel=\"noreferrer noopener\">https:\/\/vecinosypropietarios.org\/?p=627<\/a><\/p>\n","protected":false},"excerpt":{"rendered":"<p>Buenos d\u00edas estimados socios, &nbsp;&nbsp;&nbsp;&nbsp;&nbsp;&nbsp;&nbsp; Sentimos tener que informar que, a estas alturas, ya iniciada la quinta y \u00faltima temporada de Caza del contrato de explotaci\u00f3n&nbsp;del Coto de Lozoyuela-Navas-Sieteiglesias, no hay buenas noticias por&#46;&#46;&#46;<\/p>\n","protected":false},"author":1,"featured_media":245,"comment_status":"open","ping_status":"closed","sticky":false,"template":"","format":"standard","meta":{"_seopress_robots_primary_cat":"none","_seopress_titles_title":"","_seopress_titles_desc":"","_seopress_robots_index":"","footnotes":""},"categories":[62,29],"tags":[30],"class_list":["post-862","post","type-post","status-publish","format-standard","has-post-thumbnail","hentry","category-ayuntamiento","category-coto-de-caza","tag-coto-de-caza"],"_links":{"self":[{"href":"https:\/\/vecinosypropietarios.org\/index.php?rest_route=\/wp\/v2\/posts\/862","targetHints":{"allow":["GET"]}}],"collection":[{"href":"https:\/\/vecinosypropietarios.org\/index.php?rest_route=\/wp\/v2\/posts"}],"about":[{"href":"https:\/\/vecinosypropietarios.org\/index.php?rest_route=\/wp\/v2\/types\/post"}],"author":[{"embeddable":true,"href":"https:\/\/vecinosypropietarios.org\/index.php?rest_route=\/wp\/v2\/users\/1"}],"replies":[{"embeddable":true,"href":"https:\/\/vecinosypropietarios.org\/index.php?rest_route=%2Fwp%2Fv2%2Fcomments&post=862"}],"version-history":[{"count":20,"href":"https:\/\/vecinosypropietarios.org\/index.php?rest_route=\/wp\/v2\/posts\/862\/revisions"}],"predecessor-version":[{"id":890,"href":"https:\/\/vecinosypropietarios.org\/index.php?rest_route=\/wp\/v2\/posts\/862\/revisions\/890"}],"wp:featuredmedia":[{"embeddable":true,"href":"https:\/\/vecinosypropietarios.org\/index.php?rest_route=\/wp\/v2\/media\/245"}],"wp:attachment":[{"href":"https:\/\/vecinosypropietarios.org\/index.php?rest_route=%2Fwp%2Fv2%2Fmedia&parent=862"}],"wp:term":[{"taxonomy":"category","embeddable":true,"href":"https:\/\/vecinosypropietarios.org\/index.php?rest_route=%2Fwp%2Fv2%2Fcategories&post=862"},{"taxonomy":"post_tag","embeddable":true,"href":"https:\/\/vecinosypropietarios.org\/index.php?rest_route=%2Fwp%2Fv2%2Ftags&post=862"}],"curies":[{"name":"wp","href":"https:\/\/api.w.org\/{rel}","templated":true}]}}