{"id":897,"date":"2023-02-12T09:08:28","date_gmt":"2023-02-12T08:08:28","guid":{"rendered":"https:\/\/vecinosypropietarios.org\/?p=897"},"modified":"2023-02-25T20:34:36","modified_gmt":"2023-02-25T19:34:36","slug":"comunicado","status":"publish","type":"post","link":"https:\/\/vecinosypropietarios.org\/?p=897","title":{"rendered":"COMUNICADO"},"content":{"rendered":"\n<h2 class=\"wp-block-heading\">de la Junta directiva y Comisi\u00f3n Urban\u00edstica ciudadana (CUC) a los socios de la AVP<\/h2>\n\n\n\n<p><\/p>\n\n\n\n<p>A la vista de las afirmaciones manipuladas y medias verdades que el alcalde ha realizado en su perfil personal de Facebook, esta Junta directiva y la Comisi\u00f3n Urban\u00edstica ciudadana desean desmentir y aclarar varios puntos.<\/p>\n\n\n\n<ul class=\"wp-block-list\"><li>Todas las acciones que se realizan en nombre de la asociaci\u00f3n han sido tratadas y aprobadas SIEMPRE en junta y con la aprobaci\u00f3n UN\u00c1NIME de todos sus componentes.<\/li><\/ul>\n\n\n\n<p><\/p>\n\n\n\n<ul class=\"wp-block-list\"><li>La AVP solicit\u00f3 por tres veces a D\u00aa Carmen Fern\u00e1ndez de Castro, arquitecta de la Mancomunidad (MSAU) una reuni\u00f3n bilateral para tratar algunos aspectos que expuso en el pleno del ayuntamiento. (<a href=\"https:\/\/www.vecinosypropietarios.org\/BD%20DOC\/AVP%20MSAU_Gob_Recibo2.pdf\" target=\"_blank\" rel=\"noreferrer noopener\">ver recibo de registro<\/a>)<\/li><\/ul>\n\n\n\n<p><\/p>\n\n\n\n<ul class=\"wp-block-list\"><li>La AVP recibi\u00f3 una comunicaci\u00f3n del Ayuntamiento de Lozoyuela firmada por alcalde refiri\u00e9ndose a la reuni\u00f3n solicitada, sin mencionar expl\u00edcitamente su presencia ni la participaci\u00f3n de ning\u00fan miembro del ayuntamiento, convoc\u00e1ndola unilateralmente para el d\u00eda 7 de febrero de 2023. <a href=\"https:\/\/www.vecinosypropietarios.org\/BD%20DOC\/AVP%20MSAU_Ayto-convoca.pdf\" target=\"_blank\" rel=\"noreferrer noopener\">(Ver comunicaci\u00f3n)<\/a><\/li><\/ul>\n\n\n\n<p><\/p>\n\n\n\n<ul class=\"wp-block-list\"><li>La presidenta, en vista de la autoinvitaci\u00f3n impl\u00edcita del alcalde y que no se hab\u00eda convocado tambi\u00e9n a la Comisi\u00f3n Urban\u00edstica Ciudadana de la AVP como se aprob\u00f3 en junta y se hab\u00eda solicitado a D\u00aa Carmen Fern\u00e1ndez de Castro, insisti\u00f3 de nuevo mediante carta registrada el d\u00eda 28\/1\/23 en la pertinencia de no contaminar los procesos judiciales abiertos con el ayuntamiento y seguir la l\u00ednea que se aprob\u00f3 en junta, que se limitaba a tratar sobre las afirmaciones hechas por D\u00aa Carmen Fern\u00e1ndez de Castro en el Pleno del Ayuntamiento celebrado el d\u00eda 10-11-2022 y con las que no coincidimos en algunas.<\/li><\/ul>\n\n\n\n<p><\/p>\n\n\n\n<ul class=\"wp-block-list\"><li>La junta directiva y la CUC eran desconocedores de la asistencia a dicha reuni\u00f3n del Sr. Vicepresidente D. Alejandro Ram\u00edrez Fern\u00e1ndez ni antes ni despu\u00e9s de haberse celebrado. La presidenta en ning\u00fan momento deleg\u00f3 funciones al vicepresidente para representar a la AVP.<\/li><\/ul>\n\n\n\n<p><\/p>\n\n\n\n<ul class=\"wp-block-list\"><li>La junta directiva y la CUC eran desconocedores del motivo real de la reuni\u00f3n seg\u00fan el alcalde \u201creuni\u00f3n informativa para actualizar informaci\u00f3n sobre el planteamiento urban\u00edstico general en el municipio\u201d. Que, de haberlo sabido y habernos informado con claridad y sin dobleces, hubi\u00e9ramos asistido gustosamente si as\u00ed nos lo hubieran solicitado, pues la AVP persigue el reconocimiento del derecho a participar activamente (no solo escuchar) en el desarrollo de los planes urban\u00edsticos del municipio.<\/li><\/ul>\n\n\n\n<p><\/p>\n\n\n\n<ul class=\"wp-block-list\"><li>La junta directiva y la CUC eran desconocedores de quienes estar\u00edan en esa reuni\u00f3n. Como luego hemos sabido estuvieron: alcalde, secretario, portavoz PSOE, coordinadora de la Mancomunidad y Alejandro Ram\u00edrez Fern\u00e1ndez. Nada que ver con lo solicitado.<\/li><\/ul>\n\n\n\n<p><\/p>\n\n\n\n<ul class=\"wp-block-list\"><li>Esta junta directiva est\u00e1 comprometida en llevar a cabo hasta su resoluci\u00f3n los problemas urban\u00edsticos planteados en los tribunales, raz\u00f3n quiz\u00e1s de la injerencia del alcalde en la gesti\u00f3n de nuestra asociaci\u00f3n para paralizarlos y no verse comprometido.<\/li><\/ul>\n\n\n\n<p><\/p>\n\n\n\n<ul class=\"wp-block-list\"><li>Las sentencias de los procesos judiciales llegar\u00e1n seguramente despu\u00e9s de las elecciones, m\u00e1s si cabe por la huelga indefinida de los secretarios judiciales. Lo que beneficia claramente al candidato del PP en su prop\u00f3sito de seguir al frente del consistorio.&nbsp; Esta circunstancia en clave pol\u00edtica no es de nuestro inter\u00e9s ni nos ata\u00f1e, sin embargo la AVP, especialmente su presidenta est\u00e1 siendo al parecer el blanco de la campa\u00f1a electoral.<\/li><\/ul>\n\n\n\n<p>Reunida la Junta Directiva y la CUC el 11-02-2023, Don Alejandro Ram\u00edrez Fern\u00e1ndez presenta su dimisi\u00f3n, decisi\u00f3n personal tras largo tiempo meditada. Aprovechamos para agradecerle su implicaci\u00f3n, trabajo y esfuerzo para llegar a donde hoy estamos.<\/p>\n\n\n\n<p>Para sustituirle en el cargo de Vicepresidente se nombra a Don Ricardo P\u00e9rez Ejarque, quien seguir\u00e1 tambi\u00e9n ejerciendo el cargo de tesorero.<\/p>\n","protected":false},"excerpt":{"rendered":"<p>de la Junta directiva y Comisi\u00f3n Urban\u00edstica ciudadana (CUC) a los socios de la AVP A la vista de las afirmaciones manipuladas y medias verdades que el alcalde ha realizado en su perfil personal&#46;&#46;&#46;<\/p>\n","protected":false},"author":1,"featured_media":604,"comment_status":"open","ping_status":"closed","sticky":false,"template":"","format":"standard","meta":{"_seopress_robots_primary_cat":"none","_seopress_titles_title":"","_seopress_titles_desc":"","_seopress_robots_index":"","footnotes":""},"categories":[60,68,38,61],"tags":[],"class_list":["post-897","post","type-post","status-publish","format-standard","has-post-thumbnail","hentry","category-normas-urbanisticas","category-participacion","category-pgou","category-pleno"],"_links":{"self":[{"href":"https:\/\/vecinosypropietarios.org\/index.php?rest_route=\/wp\/v2\/posts\/897","targetHints":{"allow":["GET"]}}],"collection":[{"href":"https:\/\/vecinosypropietarios.org\/index.php?rest_route=\/wp\/v2\/posts"}],"about":[{"href":"https:\/\/vecinosypropietarios.org\/index.php?rest_route=\/wp\/v2\/types\/post"}],"author":[{"embeddable":true,"href":"https:\/\/vecinosypropietarios.org\/index.php?rest_route=\/wp\/v2\/users\/1"}],"replies":[{"embeddable":true,"href":"https:\/\/vecinosypropietarios.org\/index.php?rest_route=%2Fwp%2Fv2%2Fcomments&post=897"}],"version-history":[{"count":6,"href":"https:\/\/vecinosypropietarios.org\/index.php?rest_route=\/wp\/v2\/posts\/897\/revisions"}],"predecessor-version":[{"id":910,"href":"https:\/\/vecinosypropietarios.org\/index.php?rest_route=\/wp\/v2\/posts\/897\/revisions\/910"}],"wp:featuredmedia":[{"embeddable":true,"href":"https:\/\/vecinosypropietarios.org\/index.php?rest_route=\/wp\/v2\/media\/604"}],"wp:attachment":[{"href":"https:\/\/vecinosypropietarios.org\/index.php?rest_route=%2Fwp%2Fv2%2Fmedia&parent=897"}],"wp:term":[{"taxonomy":"category","embeddable":true,"href":"https:\/\/vecinosypropietarios.org\/index.php?rest_route=%2Fwp%2Fv2%2Fcategories&post=897"},{"taxonomy":"post_tag","embeddable":true,"href":"https:\/\/vecinosypropietarios.org\/index.php?rest_route=%2Fwp%2Fv2%2Ftags&post=897"}],"curies":[{"name":"wp","href":"https:\/\/api.w.org\/{rel}","templated":true}]}}