{"id":984,"date":"2023-05-03T13:03:02","date_gmt":"2023-05-03T12:03:02","guid":{"rendered":"https:\/\/vecinosypropietarios.org\/?p=984"},"modified":"2023-05-03T13:16:18","modified_gmt":"2023-05-03T12:16:18","slug":"entrevista-a-la-asociacion-en-senda-norte","status":"publish","type":"post","link":"https:\/\/vecinosypropietarios.org\/?p=984","title":{"rendered":"ENTREVISTA A LA ASOCIACI\u00d3N EN SENDA NORTE"},"content":{"rendered":"\n<p><br>Estimados socios, vecinos y propietarios de Lozoyuela-Navas-Sieteiglesias,<br>  <strong>Senda-Norte<\/strong> public\u00f3 ayer la entrevista a nuestra Asociaci\u00f3n hecha hace unos d\u00edas y que tambi\u00e9n ten\u00e9is en papel en los establecimientos habituales de reparto del peri\u00f3dico.<\/p>\n\n\n\n<figure class=\"wp-block-image size-large\"><a href=\"https:\/\/www.vecinosypropietarios.org\/BD DOC\/AVP\/SENDA%20Norte%202%20de%20Mayo%20cuestionario%20AVP.jpg\"><img loading=\"lazy\" decoding=\"async\" width=\"1024\" height=\"764\" src=\"https:\/\/vecinosypropietarios.org\/wp-content\/uploads\/2023\/05\/SENDA-Norte-2-de-Mayo-cuestionario-AVP-1024x764.jpg\" alt=\"\" class=\"wp-image-987\" srcset=\"https:\/\/vecinosypropietarios.org\/wp-content\/uploads\/2023\/05\/SENDA-Norte-2-de-Mayo-cuestionario-AVP-1024x764.jpg 1024w, https:\/\/vecinosypropietarios.org\/wp-content\/uploads\/2023\/05\/SENDA-Norte-2-de-Mayo-cuestionario-AVP-300x224.jpg 300w, https:\/\/vecinosypropietarios.org\/wp-content\/uploads\/2023\/05\/SENDA-Norte-2-de-Mayo-cuestionario-AVP-768x573.jpg 768w, https:\/\/vecinosypropietarios.org\/wp-content\/uploads\/2023\/05\/SENDA-Norte-2-de-Mayo-cuestionario-AVP.jpg 1304w\" sizes=\"auto, (max-width: 1024px) 100vw, 1024px\" \/><\/a><\/figure>\n\n\n\n<p><br>En ella se relata:<br>\u00b7 <strong>el origen y causas del nacimiento de la Asociaci\u00f3n,<br>\u00b7 Principales acciones realizadas en este tiempo,<br>\u00b7 por qu\u00e9 hemos llevado a los tribunales asuntos esenciales para el Municipio,<br>\u00b7 cu\u00e1les son las causas de la falta de entendimiento con el alcalde actual,<br>\u00b7 recordamos el principio de independencia de la Asociaci\u00f3n que es de TODOS los vecinos del Municipio,<br>\u00b7 exponemos que es lo que esperamos los vecinos y propietarios de la pr\u00f3xima corporaci\u00f3n<\/strong> que deber\u00e1 resolver los problemas acumulados que la actual ha incrementado.<\/p>\n\n\n\n<p>Desde la independencia pol\u00edtica de esta Asociaci\u00f3n sabemos del impacto que tienen las decisiones pol\u00edticas en el desarrollo y futuro de nuestro pueblo y de sus gentes, especialmente los j\u00f3venes, que afrontan tiempos duros, especialmente por la dificultad de acceso a la vivienda en nuestro municipio. Por eso estaremos abiertos a colaborar con todo aquel que<\/p>\n\n\n\n<blockquote class=\"wp-block-quote is-layout-flow wp-block-quote-is-layout-flow\">\n<p><br>. Venga con esp\u00edritu de servicio p\u00fablico, gestor con experiencia que dialogue, escuche y aprenda (los locales sabemos m\u00e1s de nuestro entorno) y que sume con la participaci\u00f3n de los ciudadanos,<\/p>\n<\/blockquote>\n\n\n\n<blockquote class=\"wp-block-quote is-layout-flow wp-block-quote-is-layout-flow\">\n<p><br>. Libere los pajares de la ruina y la losa de la protecci\u00f3n, normalice nuestra normativa urban\u00edstica y gaste el dinero en mejorar los servicios p\u00fablicos ahora prohibitivos.<\/p>\n<\/blockquote>\n\n\n\n<p>Saludos&nbsp;cordiales<\/p>\n","protected":false},"excerpt":{"rendered":"<p>Estimados socios, vecinos y propietarios de Lozoyuela-Navas-Sieteiglesias, Senda-Norte public\u00f3 ayer la entrevista a nuestra Asociaci\u00f3n hecha hace unos d\u00edas y que tambi\u00e9n ten\u00e9is en papel en los establecimientos habituales de reparto del peri\u00f3dico. En&#46;&#46;&#46;<\/p>\n","protected":false},"author":1,"featured_media":987,"comment_status":"open","ping_status":"closed","sticky":false,"template":"","format":"standard","meta":{"_seopress_robots_primary_cat":"none","_seopress_titles_title":"","_seopress_titles_desc":"","_seopress_robots_index":"","footnotes":""},"categories":[35,62,7,63,29,20,73,43,64,60,68,38,59],"tags":[],"class_list":["post-984","post","type-post","status-publish","format-standard","has-post-thumbnail","hentry","category-articulo","category-ayuntamiento","category-cbep","category-cifras","category-coto-de-caza","category-hospital","category-juzgados","category-m-913","category-municipio","category-normas-urbanisticas","category-participacion","category-pgou","category-silencio"],"_links":{"self":[{"href":"https:\/\/vecinosypropietarios.org\/index.php?rest_route=\/wp\/v2\/posts\/984","targetHints":{"allow":["GET"]}}],"collection":[{"href":"https:\/\/vecinosypropietarios.org\/index.php?rest_route=\/wp\/v2\/posts"}],"about":[{"href":"https:\/\/vecinosypropietarios.org\/index.php?rest_route=\/wp\/v2\/types\/post"}],"author":[{"embeddable":true,"href":"https:\/\/vecinosypropietarios.org\/index.php?rest_route=\/wp\/v2\/users\/1"}],"replies":[{"embeddable":true,"href":"https:\/\/vecinosypropietarios.org\/index.php?rest_route=%2Fwp%2Fv2%2Fcomments&post=984"}],"version-history":[{"count":6,"href":"https:\/\/vecinosypropietarios.org\/index.php?rest_route=\/wp\/v2\/posts\/984\/revisions"}],"predecessor-version":[{"id":994,"href":"https:\/\/vecinosypropietarios.org\/index.php?rest_route=\/wp\/v2\/posts\/984\/revisions\/994"}],"wp:featuredmedia":[{"embeddable":true,"href":"https:\/\/vecinosypropietarios.org\/index.php?rest_route=\/wp\/v2\/media\/987"}],"wp:attachment":[{"href":"https:\/\/vecinosypropietarios.org\/index.php?rest_route=%2Fwp%2Fv2%2Fmedia&parent=984"}],"wp:term":[{"taxonomy":"category","embeddable":true,"href":"https:\/\/vecinosypropietarios.org\/index.php?rest_route=%2Fwp%2Fv2%2Fcategories&post=984"},{"taxonomy":"post_tag","embeddable":true,"href":"https:\/\/vecinosypropietarios.org\/index.php?rest_route=%2Fwp%2Fv2%2Ftags&post=984"}],"curies":[{"name":"wp","href":"https:\/\/api.w.org\/{rel}","templated":true}]}}